{"id":425,"date":"2026-09-01T07:53:52","date_gmt":"2026-09-01T07:53:52","guid":{"rendered":"https:\/\/macedoniapress.com\/?p=425"},"modified":"2026-09-01T07:53:52","modified_gmt":"2026-09-01T07:53:52","slug":"fillimi-i-vitit-shkollor-e-gjen-rmv-ne-me-klasa-te-zbrazeta-malbyllen-433-paralele","status":"publish","type":"post","link":"http:\/\/macedoniapress.com\/?p=425","title":{"rendered":"Fillimi i vitit shkollor e gjen RMV-n\u00eb me klasa t\u00eb zbraz\u00ebta, malbyllen 433 paralele"},"content":{"rendered":"<p><strong>Viti i ri shkollor n\u00eb Maqedonin\u00eb e Veriut\u00a0 po fillon me <a href=\"https:\/\/portalb.mk\/banka-bosh-dhe-shkolla-te-mbyllura-per-nje-dekade-ne-rmv-jane-zhdukur-gati-9-000-filloriste\/\">num\u00ebr m\u00eb t\u00eb vog\u00ebl t\u00eb nx\u00ebn\u00ebsve<\/a>, optimizim t\u00eb klasave dhe mbyllje t\u00eb p\u00ebrkohshme t\u00eb 26 shkollave rajonale. Ministrja e arsimit, Vesna Janevska, n\u00eb konferenc\u00eb p\u00ebr shtyp njoftoi se k\u00ebt\u00eb vit n\u00eb sistemin arsimor do t\u00eb ket\u00eb 433 klasa m\u00eb pak.<\/strong><\/p>\n<p>N\u00eb sistemin arsimor p\u00ebr momentin <strong>ka rreth 238.000 nx\u00ebn\u00ebs,<\/strong> prej t\u00eb cil\u00ebve <strong>174.000 jan\u00eb n\u00eb arsimin fillo<\/strong>r, nd\u00ebrsa <strong>64.000 n\u00eb at\u00eb t\u00eb mes\u00ebm.<\/strong>Sipas t\u00eb dh\u00ebnave me t\u00eb cilat disponon Ministria e Arsimit dhe Shkenc\u00ebs deri m\u00eb tani jan\u00eb regjistruar <strong>14.952 fillorist\u00eb<\/strong> dhe <strong>16.932 nx\u00ebn\u00ebs<\/strong>n\u00eb vitin e par\u00eb t\u00eb arsimit t\u00eb mes\u00ebm. Numri p\u00ebrfundimtar do t\u00eb dihet pas p\u00ebrfundimit t\u00eb regjistrimeve plot\u00ebsuese.<\/p>\n<h4><strong>Optimizim i klasave dhe m\u00eb pak nx\u00ebn\u00ebs<\/strong><\/h4>\n<p>P\u00ebr shkak t\u00eb numrit m\u00eb t\u00eb vog\u00ebl t\u00eb nx\u00ebn\u00ebsve Ministria po <strong>zbaton optimizim t\u00eb klasave n\u00eb shkoll<\/strong>a, q\u00eb n\u00ebnkupton bashkimin e klasave m\u00eb t\u00eb vogla me q\u00ebllim q\u00eb nx\u00ebn\u00ebsit t\u00eb ken\u00eb kushte m\u00eb t\u00eb mira p\u00ebr socializim dhe m\u00ebsim.<\/p>\n<p>\u201cNuk \u00ebsht\u00eb sekret q\u00eb me vite me radh\u00eb ekzistojn\u00eb dy klasa me nga dy nx\u00ebn\u00ebs t\u00eb s\u00eb nj\u00ebjt\u00ebs mosh\u00eb dhe n\u00eb t\u00eb nj\u00ebjt\u00ebn shkoll\u00eb. Tani k\u00ebto i kemi bashkuar, me \u00e7ka k\u00ebt\u00eb vit n\u00eb sistemin arsimor do t\u00eb kemi 433 klasa m\u00eb pak, prej t\u00eb cilave 222 n\u00eb arsimin fillor dhe 211 n\u00eb at\u00eb t\u00eb mes\u00ebm\u201c,<strong> deklaroi Janevska.<\/strong><\/p>\n<p>Ajo vler\u00ebsoi se b\u00ebhet fjal\u00eb p\u00ebr n<strong>dryshim pozitiv q\u00eb \u00ebsht\u00eb n\u00eb interes t\u00eb nx\u00ebn\u00ebsve<\/strong> dhe theksoi se asnj\u00eb m\u00ebsimdh\u00ebn\u00ebs i pun\u00ebsuar nuk ka mbetur pa pun\u00eb p\u00ebr shkak t\u00eb optimizimit.<\/p>\n<p>Sipas njoftimeve n\u00eb vitin shkollor 2026\/2027 do t\u00eb ket\u00eb <a href=\"https:\/\/portalb.mk\/ne-shtator-pritet-te-kete-afro-pese-mije-nxenes-me-pak-ne-maqedonine-e-veriut\/\"><strong>\u00a0num\u00ebr duksh\u00ebm m\u00eb t\u00eb vog\u00ebl<\/strong><\/a> t\u00eb nx\u00ebn\u00ebsve krahasuar me vitet e kaluara. Pas p\u00ebrfundimit t\u00eb regjistrimeve pritet q\u00eb numri i fillorist\u00ebve t\u00eb jet\u00eb s\u00eb paku p\u00ebr 3.000 m\u00eb i vog\u00ebl se ai vitin e kaluar.<\/p>\n","protected":false},"excerpt":{"rendered":"<p>Viti i ri shkollor n\u00eb Maqedonin\u00eb e Veriut\u00a0 po fillon me num\u00ebr m\u00eb t\u00eb vog\u00ebl&#8230;<\/p>\n","protected":false},"author":2,"featured_media":426,"comment_status":"closed","ping_status":"open","sticky":false,"template":"","format":"standard","meta":{"footnotes":""},"categories":[5],"tags":[],"class_list":["post-425","post","type-post","status-publish","format-standard","has-post-thumbnail","hentry","category-vendi"],"_links":{"self":[{"href":"http:\/\/macedoniapress.com\/index.php?rest_route=\/wp\/v2\/posts\/425","targetHints":{"allow":["GET"]}}],"collection":[{"href":"http:\/\/macedoniapress.com\/index.php?rest_route=\/wp\/v2\/posts"}],"about":[{"href":"http:\/\/macedoniapress.com\/index.php?rest_route=\/wp\/v2\/types\/post"}],"author":[{"embeddable":true,"href":"http:\/\/macedoniapress.com\/index.php?rest_route=\/wp\/v2\/users\/2"}],"replies":[{"embeddable":true,"href":"http:\/\/macedoniapress.com\/index.php?rest_route=%2Fwp%2Fv2%2Fcomments&post=425"}],"version-history":[{"count":1,"href":"http:\/\/macedoniapress.com\/index.php?rest_route=\/wp\/v2\/posts\/425\/revisions"}],"predecessor-version":[{"id":427,"href":"http:\/\/macedoniapress.com\/index.php?rest_route=\/wp\/v2\/posts\/425\/revisions\/427"}],"wp:featuredmedia":[{"embeddable":true,"href":"http:\/\/macedoniapress.com\/index.php?rest_route=\/wp\/v2\/media\/426"}],"wp:attachment":[{"href":"http:\/\/macedoniapress.com\/index.php?rest_route=%2Fwp%2Fv2%2Fmedia&parent=425"}],"wp:term":[{"taxonomy":"category","embeddable":true,"href":"http:\/\/macedoniapress.com\/index.php?rest_route=%2Fwp%2Fv2%2Fcategories&post=425"},{"taxonomy":"post_tag","embeddable":true,"href":"http:\/\/macedoniapress.com\/index.php?rest_route=%2Fwp%2Fv2%2Ftags&post=425"}],"curies":[{"name":"wp","href":"https:\/\/api.w.org\/{rel}","templated":true}]}}