{"id":415,"date":"2026-08-31T14:40:26","date_gmt":"2026-08-31T14:40:26","guid":{"rendered":"https:\/\/macedoniapress.com\/?p=415"},"modified":"2026-08-31T14:40:26","modified_gmt":"2026-08-31T14:40:26","slug":"u-propozua-si-president-pas-marreveshjes-kurti-abdixhiku-bekim-sejdiu-do-i-sherbej-vendit-me-devotshmeri-sic-kam-bere-gjithmone","status":"publish","type":"post","link":"http:\/\/macedoniapress.com\/?p=415","title":{"rendered":"U propozua si president pas marr\u00ebveshjes Kurti-Abdixhiku, Bekim Sejdiu: Do i sh\u00ebrbej vendit me devotshm\u00ebri, si\u00e7 kam b\u00ebr\u00eb gjithmon\u00eb"},"content":{"rendered":"<p>Sejdiu \u00ebsht\u00eb shprehur se e kupton pesh\u00ebn dhe p\u00ebrgjegj\u00ebsin\u00eb q\u00eb mbart posti i kreut t\u00eb shtetit, ve\u00e7an\u00ebrisht n\u00eb situat\u00ebn aktuale politike n\u00eb Kosov\u00eb.<\/p>\n<p><em>\u201cDuke qen\u00eb plot\u00ebsisht i vet\u00ebdijsh\u00ebm edhe me barr\u00ebn dhe p\u00ebrgjegj\u00ebsin\u00eb q\u00eb sjell posti i presidentit, por edhe me kontekstin aktual politik t\u00eb Republik\u00ebs s\u00eb Kosov\u00ebs, jam v\u00ebn\u00eb n\u00eb sh\u00ebrbim t\u00eb Kosov\u00ebs, t\u00eb qytetar\u00ebve dhe t\u00eb shtetit ton\u00eb q\u00eb t\u00eb sh\u00ebrbej me devotshm\u00ebri, si\u00e7 kam b\u00ebr\u00eb gjithmon\u00eb kudo dhe kurdo q\u00eb m\u00eb \u00ebsht\u00eb dh\u00ebn\u00eb rasti n\u00eb kapacitetet e mia\u201d,<\/em> deklaroi Sejdiu.<\/p>\n<p>Ai u propozua pas marr\u00ebveshjes s\u00eb arritur mes Albin Kurtit dhe Lumir Abdixhikut.<\/p>\n<p>&nbsp;<\/p>\n<div class=\"adGroupWrapper\">\n<div class=\"adGroupWrapperInner\" data-max-slots=\"2\">\n<div class=\"oneAdBlock\">\n<div id=\"div-gpt-ad-1508427039785-4\" class=\"abd\" data-google-query-id=\"CJfS6qCMy5YDFXngDQkdqz8CLw\"><\/div>\n<\/div>\n<\/div>\n<\/div>\n","protected":false},"excerpt":{"rendered":"<p>Sejdiu \u00ebsht\u00eb shprehur se e kupton pesh\u00ebn dhe p\u00ebrgjegj\u00ebsin\u00eb q\u00eb mbart posti i kreut t\u00eb&#8230;<\/p>\n","protected":false},"author":2,"featured_media":416,"comment_status":"closed","ping_status":"open","sticky":false,"template":"","format":"standard","meta":{"footnotes":""},"categories":[1],"tags":[],"class_list":["post-415","post","type-post","status-publish","format-standard","has-post-thumbnail","hentry","category-rajoni"],"_links":{"self":[{"href":"http:\/\/macedoniapress.com\/index.php?rest_route=\/wp\/v2\/posts\/415","targetHints":{"allow":["GET"]}}],"collection":[{"href":"http:\/\/macedoniapress.com\/index.php?rest_route=\/wp\/v2\/posts"}],"about":[{"href":"http:\/\/macedoniapress.com\/index.php?rest_route=\/wp\/v2\/types\/post"}],"author":[{"embeddable":true,"href":"http:\/\/macedoniapress.com\/index.php?rest_route=\/wp\/v2\/users\/2"}],"replies":[{"embeddable":true,"href":"http:\/\/macedoniapress.com\/index.php?rest_route=%2Fwp%2Fv2%2Fcomments&post=415"}],"version-history":[{"count":1,"href":"http:\/\/macedoniapress.com\/index.php?rest_route=\/wp\/v2\/posts\/415\/revisions"}],"predecessor-version":[{"id":417,"href":"http:\/\/macedoniapress.com\/index.php?rest_route=\/wp\/v2\/posts\/415\/revisions\/417"}],"wp:featuredmedia":[{"embeddable":true,"href":"http:\/\/macedoniapress.com\/index.php?rest_route=\/wp\/v2\/media\/416"}],"wp:attachment":[{"href":"http:\/\/macedoniapress.com\/index.php?rest_route=%2Fwp%2Fv2%2Fmedia&parent=415"}],"wp:term":[{"taxonomy":"category","embeddable":true,"href":"http:\/\/macedoniapress.com\/index.php?rest_route=%2Fwp%2Fv2%2Fcategories&post=415"},{"taxonomy":"post_tag","embeddable":true,"href":"http:\/\/macedoniapress.com\/index.php?rest_route=%2Fwp%2Fv2%2Ftags&post=415"}],"curies":[{"name":"wp","href":"https:\/\/api.w.org\/{rel}","templated":true}]}}