{"id":410,"date":"2026-08-31T11:30:54","date_gmt":"2026-08-31T11:30:54","guid":{"rendered":"https:\/\/macedoniapress.com\/?p=410"},"modified":"2026-08-31T11:30:54","modified_gmt":"2026-08-31T11:30:54","slug":"vv-dhe-ldk-arrijne-marreveshje-per-presidentin","status":"publish","type":"post","link":"http:\/\/macedoniapress.com\/?p=410","title":{"rendered":"VV dhe LDK arrijn\u00eb marr\u00ebveshje p\u00ebr presidentin"},"content":{"rendered":"<p>\u00cbsht\u00eb arritur marr\u00ebveshja mes VV-s\u00eb dhe LDK-s\u00eb p\u00ebr zgjedhjen e t\u00eb parit t\u00eb shtetit.<\/p>\n<p class=\"wp-block-paragraph\">Kreu i LDK-s\u00eb, Lumir Abdixhiku, pas p\u00ebrfundimit t\u00eb takimit me kryetarin e VV-s\u00eb, Albin Kurti, ka b\u00ebr\u00eb t\u00eb ditur se pal\u00ebt jan\u00eb dakorduar p\u00ebr nj\u00eb em\u00ebr p\u00ebr presidentin.<\/p>\n<p class=\"wp-block-paragraph\">B\u00ebhet fjal\u00eb p\u00ebr Bekim Sejdiun.<\/p>\n","protected":false},"excerpt":{"rendered":"<p>\u00cbsht\u00eb arritur marr\u00ebveshja mes VV-s\u00eb dhe LDK-s\u00eb p\u00ebr zgjedhjen e t\u00eb parit t\u00eb shtetit. Kreu&#8230;<\/p>\n","protected":false},"author":2,"featured_media":411,"comment_status":"closed","ping_status":"open","sticky":false,"template":"","format":"standard","meta":{"footnotes":""},"categories":[1],"tags":[],"class_list":["post-410","post","type-post","status-publish","format-standard","has-post-thumbnail","hentry","category-rajoni"],"_links":{"self":[{"href":"http:\/\/macedoniapress.com\/index.php?rest_route=\/wp\/v2\/posts\/410","targetHints":{"allow":["GET"]}}],"collection":[{"href":"http:\/\/macedoniapress.com\/index.php?rest_route=\/wp\/v2\/posts"}],"about":[{"href":"http:\/\/macedoniapress.com\/index.php?rest_route=\/wp\/v2\/types\/post"}],"author":[{"embeddable":true,"href":"http:\/\/macedoniapress.com\/index.php?rest_route=\/wp\/v2\/users\/2"}],"replies":[{"embeddable":true,"href":"http:\/\/macedoniapress.com\/index.php?rest_route=%2Fwp%2Fv2%2Fcomments&post=410"}],"version-history":[{"count":1,"href":"http:\/\/macedoniapress.com\/index.php?rest_route=\/wp\/v2\/posts\/410\/revisions"}],"predecessor-version":[{"id":412,"href":"http:\/\/macedoniapress.com\/index.php?rest_route=\/wp\/v2\/posts\/410\/revisions\/412"}],"wp:featuredmedia":[{"embeddable":true,"href":"http:\/\/macedoniapress.com\/index.php?rest_route=\/wp\/v2\/media\/411"}],"wp:attachment":[{"href":"http:\/\/macedoniapress.com\/index.php?rest_route=%2Fwp%2Fv2%2Fmedia&parent=410"}],"wp:term":[{"taxonomy":"category","embeddable":true,"href":"http:\/\/macedoniapress.com\/index.php?rest_route=%2Fwp%2Fv2%2Fcategories&post=410"},{"taxonomy":"post_tag","embeddable":true,"href":"http:\/\/macedoniapress.com\/index.php?rest_route=%2Fwp%2Fv2%2Ftags&post=410"}],"curies":[{"name":"wp","href":"https:\/\/api.w.org\/{rel}","templated":true}]}}