{"id":255,"date":"2026-08-20T10:54:39","date_gmt":"2026-08-20T10:54:39","guid":{"rendered":"https:\/\/macedoniapress.com\/?p=255"},"modified":"2026-08-20T10:54:39","modified_gmt":"2026-08-20T10:54:39","slug":"kriza-politike-ne-kosove-dash-thirrje-partive-politike-duhet-progres-dhe-stabilitet-ngerci-po-rezulton-ne-mundesi-te-humbura-per-vendin","status":"publish","type":"post","link":"http:\/\/macedoniapress.com\/?p=255","title":{"rendered":"Kriza politike n\u00eb Kosov\u00eb, DASH thirrje partive politike: Duhet progres dhe stabilitet, ng\u00ebr\u00e7i po rezulton n\u00eb mund\u00ebsi t\u00eb humbura p\u00ebr vendin"},"content":{"rendered":"<p>Shtetet e Bashkuara t\u00eb Amerik\u00ebs kan\u00eb ritheksuar thirrjen ndaj udh\u00ebheq\u00ebsve politik\u00eb t\u00eb Kosov\u00ebs q\u00eb t\u00eb bashk\u00ebpunojn\u00eb p\u00ebr formimin e institucioneve, n\u00eb p\u00ebrputhje me Kushtetut\u00ebn dhe vendimet e Gjykat\u00ebs Kushtetuese.<br \/>\nN\u00eb nj\u00eb p\u00ebrgjigje p\u00ebr Radion Evropa e Lir\u00eb, nj\u00eb z\u00ebdh\u00ebn\u00ebs i Departamentit amerikan t\u00eb Shtetit tha se udh\u00ebheq\u00ebsit politik\u00eb duhet t\u00eb punojn\u00eb s\u00eb bashku p\u00ebr tejkalimin e ng\u00ebr\u00e7it institucional.<br \/>\n\u201cKy ng\u00ebr\u00e7 i vazhduesh\u00ebm politik po rezulton n\u00eb mund\u00ebsi t\u00eb humbura p\u00ebr Kosov\u00ebn. \u00cbsht\u00eb koha q\u00eb udh\u00ebheq\u00ebsit t\u2019i japin p\u00ebrpar\u00ebsi progresit dhe stabilitetit, n\u00eb t\u00eb mir\u00eb t\u00eb t\u00eb gjith\u00eb qytetar\u00ebve\u201d, tha z\u00ebdh\u00ebn\u00ebsi.<br \/>\nKjo \u00ebsht\u00eb thirrja e dyt\u00eb e ngjashme e b\u00ebr\u00eb nga pala amerikane brenda pak koh\u00ebsh, pasi k\u00ebrkes\u00eb t\u00eb ngjashme p\u00ebr bashk\u00ebpunim kishte shprehur edhe Ambasada e Shteteve t\u00eb Bashkuara n\u00eb Prishtin\u00eb m\u00eb 12 gusht.<br \/>\nThirrja e re amerikane vjen n\u00eb koh\u00ebn kur Kuvendi i Kosov\u00ebs ende nuk \u00ebsht\u00eb konstituuar pas zgjedhjeve t\u00eb 7 qershorit.<br \/>\nSeanca konstituive e legjislatur\u00ebs s\u00eb re nisi m\u00eb 6 gusht. Deputet\u00ebt b\u00ebn\u00eb betimin, por procesi nuk kaloi n\u00eb faz\u00ebn e zgjedhjes s\u00eb kryetarit t\u00eb Kuvendit.<br \/>\nAlbin Kurti, n\u00eb cil\u00ebsin\u00eb e kreut t\u00eb L\u00ebvizjes Vet\u00ebvendosje, k\u00ebrkoi koh\u00eb shtes\u00eb p\u00ebr konsultime me partit\u00eb, duke th\u00ebn\u00eb se ende nuk kishte marr\u00ebveshje p\u00ebr formimin e institucioneve. Seanca u nd\u00ebrpre dhe u caktua t\u00eb vazhdonte m\u00eb 8 gusht.<br \/>\nEdhe n\u00eb vazhdimin e 8 gushtit nuk pati kandidatur\u00eb p\u00ebr kryetar t\u00eb Kuvendit. Kurti k\u00ebrkoi s\u00ebrish koh\u00eb shtes\u00eb p\u00ebr konsultime me partit\u00eb, por pas k\u00ebsaj deputetja e AAK-s\u00eb, Time Kadrijaj, hodhi vez\u00eb n\u00eb drejtim t\u00eb tij. Pas k\u00ebtij incidenti kryesuesi i seanc\u00ebs, Avni Dehari, nd\u00ebrpreu punimet.<br \/>\nQ\u00eb at\u00ebher\u00eb, procesi ka mbetur i bllokuar. Dehari ka th\u00ebn\u00eb se seanca e radh\u00ebs do t\u00eb thirret kur partit\u00eb t\u00eb arrijn\u00eb nj\u00eb marr\u00ebveshje p\u00ebr zgjidhjen e kriz\u00ebs, duke argumentuar se pa nj\u00eb marr\u00ebveshje politike nuk ka kuptim q\u00eb seanca t\u00eb mbahet vet\u00ebm si formalitet.<br \/>\nNd\u00ebrkoh\u00eb, n\u00eb p\u00ebrpjekje p\u00ebr t\u00eb gjetur nj\u00eb zgjidhje politike, m\u00eb 18 gusht Kurti u takua me kryetarin e LDK-s\u00eb, Lumir Abdixhikun, me fokus te zgjedhja e presidentit t\u00eb ardhsh\u00ebm; pas takimit, t\u00eb dy than\u00eb se kishte vullnet p\u00ebr t\u00eb gjetur nj\u00eb zgjidhje, nd\u00ebrsa u pajtuan q\u00eb n\u00eb takimin e radh\u00ebs t\u00eb shqyrtojn\u00eb emra konkret\u00eb p\u00ebr president.<br \/>\nPDK-ja dhe Aleanca, n\u00eb an\u00ebn tjet\u00ebr, kan\u00eb k\u00ebrkuar q\u00eb seanca t\u00eb vazhdoj\u00eb pa pritur nj\u00eb marr\u00ebveshje politike. M\u00eb 12 gusht, deputet\u00eb t\u00eb k\u00ebtyre dy partive u mblodh\u00ebn n\u00eb sall\u00ebn e Kuvendit duke k\u00ebrkuar nga Dehari q\u00eb ta th\u00ebrras\u00eb vazhdimin e seanc\u00ebs, nd\u00ebrsa pati edhe p\u00ebrplasje me deputet\u00eb t\u00eb LVV-s\u00eb.<br \/>\nDeputet\u00eb t\u00eb Partis\u00eb Demokratike t\u00eb Kosov\u00ebs (PDK) dhe Aleanc\u00ebs n\u00eb sall\u00ebn e Kuvendit t\u00eb Kosov\u00ebs, m\u00eb 12 gusht 2026.\/ REL<\/p>\n","protected":false},"excerpt":{"rendered":"<p>Shtetet e Bashkuara t\u00eb Amerik\u00ebs kan\u00eb ritheksuar thirrjen ndaj udh\u00ebheq\u00ebsve politik\u00eb t\u00eb Kosov\u00ebs q\u00eb t\u00eb&#8230;<\/p>\n","protected":false},"author":2,"featured_media":256,"comment_status":"closed","ping_status":"open","sticky":false,"template":"","format":"standard","meta":{"footnotes":""},"categories":[1],"tags":[],"class_list":["post-255","post","type-post","status-publish","format-standard","has-post-thumbnail","hentry","category-rajoni"],"_links":{"self":[{"href":"http:\/\/macedoniapress.com\/index.php?rest_route=\/wp\/v2\/posts\/255","targetHints":{"allow":["GET"]}}],"collection":[{"href":"http:\/\/macedoniapress.com\/index.php?rest_route=\/wp\/v2\/posts"}],"about":[{"href":"http:\/\/macedoniapress.com\/index.php?rest_route=\/wp\/v2\/types\/post"}],"author":[{"embeddable":true,"href":"http:\/\/macedoniapress.com\/index.php?rest_route=\/wp\/v2\/users\/2"}],"replies":[{"embeddable":true,"href":"http:\/\/macedoniapress.com\/index.php?rest_route=%2Fwp%2Fv2%2Fcomments&post=255"}],"version-history":[{"count":1,"href":"http:\/\/macedoniapress.com\/index.php?rest_route=\/wp\/v2\/posts\/255\/revisions"}],"predecessor-version":[{"id":257,"href":"http:\/\/macedoniapress.com\/index.php?rest_route=\/wp\/v2\/posts\/255\/revisions\/257"}],"wp:featuredmedia":[{"embeddable":true,"href":"http:\/\/macedoniapress.com\/index.php?rest_route=\/wp\/v2\/media\/256"}],"wp:attachment":[{"href":"http:\/\/macedoniapress.com\/index.php?rest_route=%2Fwp%2Fv2%2Fmedia&parent=255"}],"wp:term":[{"taxonomy":"category","embeddable":true,"href":"http:\/\/macedoniapress.com\/index.php?rest_route=%2Fwp%2Fv2%2Fcategories&post=255"},{"taxonomy":"post_tag","embeddable":true,"href":"http:\/\/macedoniapress.com\/index.php?rest_route=%2Fwp%2Fv2%2Ftags&post=255"}],"curies":[{"name":"wp","href":"https:\/\/api.w.org\/{rel}","templated":true}]}}