{"id":250,"date":"2026-08-20T07:03:55","date_gmt":"2026-08-20T07:03:55","guid":{"rendered":"https:\/\/macedoniapress.com\/?p=250"},"modified":"2026-08-20T07:03:55","modified_gmt":"2026-08-20T07:03:55","slug":"kosova-ne-krize-politike-pdk-bllokon-hyrjen-e-godines-se-qeverise-se-kosoves-protestes-i-bashkohet-edhe-aleanca","status":"publish","type":"post","link":"http:\/\/macedoniapress.com\/?p=250","title":{"rendered":"Kosova n\u00eb kriz\u00eb politike\/ PDK bllokon hyrjen e godin\u00ebs s\u00eb Qeveris\u00eb s\u00eb Kosov\u00ebs, protest\u00ebs i bashkohet edhe Aleanca"},"content":{"rendered":"<p>Deputet\u00eb t\u00eb Partis\u00eb Demokratike t\u00eb Kosov\u00ebs (PDK) kan\u00eb vijuar edhe t\u00eb enjten aksionin e tyre para nd\u00ebrtes\u00ebs s\u00eb Qeveris\u00eb s\u00eb Kosov\u00ebs, duke bllokuar hyrjet n\u00eb shenj\u00eb proteste ndaj mosvazhdimit t\u00eb seanc\u00ebs konstituive t\u00eb Kuvendit.<br \/>\nAksioni i k\u00ebsaj t\u00eb enjteje \u00ebsht\u00eb mb\u00ebshtetur edhe nga deputet\u00eb t\u00eb Aleanc\u00ebs, nd\u00ebrsa n\u00eb protest\u00eb kan\u00eb marr\u00eb pjes\u00eb edhe asamblist\u00eb t\u00eb PDK-s\u00eb nga Komuna e Vushtrris\u00eb.<br \/>\nPDK prej disa dit\u00ebsh po zhvillon protesta dhe aksione para nd\u00ebrtes\u00ebs s\u00eb Qeveris\u00eb, duke k\u00ebrkuar q\u00eb t\u00eb thirret sa m\u00eb shpejt vazhdimi i seanc\u00ebs konstituive t\u00eb Kuvendit dhe t\u00eb zhbllokohet procesi i krijimit t\u00eb institucioneve t\u00eb reja.<br \/>\nPartia Demokratike e Kosov\u00ebs i ka b\u00ebr\u00eb thirrje vazhdimisht kryesuesit t\u00eb seanc\u00ebs konstituive, Avni Deharit, q\u00eb t\u00eb caktoj\u00eb vazhdimin e saj. PDK ka akuzuar L\u00ebvizjen Vet\u00ebvendosje dhe kryeministrin n\u00eb detyr\u00eb, Albin Kurti, se po mbajn\u00eb t\u00eb bllokuara institucionet e vendit.<br \/>\nNga ana tjet\u00ebr, edhe Aleanca ka shprehur kund\u00ebrshtimin e saj ndaj zvarritjes s\u00eb procesit t\u00eb konstituimit t\u00eb Kuvendit, duke k\u00ebrkuar q\u00eb Kosova t\u00eb rikthehet sa m\u00eb shpejt n\u00eb funksionalitet t\u00eb plot\u00eb institucional.<br \/>\nNg\u00ebr\u00e7i politik vijon prej koh\u00ebsh, nd\u00ebrsa Kuvendi i Kosov\u00ebs ende nuk ka p\u00ebrfunduar procesin e konstituimit, duke penguar avancimin e m\u00ebtejsh\u00ebm t\u00eb krijimit t\u00eb institucioneve t\u00eb reja.<\/p>\n","protected":false},"excerpt":{"rendered":"<p>Deputet\u00eb t\u00eb Partis\u00eb Demokratike t\u00eb Kosov\u00ebs (PDK) kan\u00eb vijuar edhe t\u00eb enjten aksionin e tyre&#8230;<\/p>\n","protected":false},"author":2,"featured_media":251,"comment_status":"closed","ping_status":"open","sticky":false,"template":"","format":"standard","meta":{"footnotes":""},"categories":[1],"tags":[],"class_list":["post-250","post","type-post","status-publish","format-standard","has-post-thumbnail","hentry","category-rajoni"],"_links":{"self":[{"href":"http:\/\/macedoniapress.com\/index.php?rest_route=\/wp\/v2\/posts\/250","targetHints":{"allow":["GET"]}}],"collection":[{"href":"http:\/\/macedoniapress.com\/index.php?rest_route=\/wp\/v2\/posts"}],"about":[{"href":"http:\/\/macedoniapress.com\/index.php?rest_route=\/wp\/v2\/types\/post"}],"author":[{"embeddable":true,"href":"http:\/\/macedoniapress.com\/index.php?rest_route=\/wp\/v2\/users\/2"}],"replies":[{"embeddable":true,"href":"http:\/\/macedoniapress.com\/index.php?rest_route=%2Fwp%2Fv2%2Fcomments&post=250"}],"version-history":[{"count":1,"href":"http:\/\/macedoniapress.com\/index.php?rest_route=\/wp\/v2\/posts\/250\/revisions"}],"predecessor-version":[{"id":252,"href":"http:\/\/macedoniapress.com\/index.php?rest_route=\/wp\/v2\/posts\/250\/revisions\/252"}],"wp:featuredmedia":[{"embeddable":true,"href":"http:\/\/macedoniapress.com\/index.php?rest_route=\/wp\/v2\/media\/251"}],"wp:attachment":[{"href":"http:\/\/macedoniapress.com\/index.php?rest_route=%2Fwp%2Fv2%2Fmedia&parent=250"}],"wp:term":[{"taxonomy":"category","embeddable":true,"href":"http:\/\/macedoniapress.com\/index.php?rest_route=%2Fwp%2Fv2%2Fcategories&post=250"},{"taxonomy":"post_tag","embeddable":true,"href":"http:\/\/macedoniapress.com\/index.php?rest_route=%2Fwp%2Fv2%2Ftags&post=250"}],"curies":[{"name":"wp","href":"https:\/\/api.w.org\/{rel}","templated":true}]}}