{"id":245,"date":"2026-08-20T06:12:24","date_gmt":"2026-08-20T06:12:24","guid":{"rendered":"https:\/\/macedoniapress.com\/?p=245"},"modified":"2026-08-20T06:12:24","modified_gmt":"2026-08-20T06:12:24","slug":"ne-zubin-potok-gjenden-mbetje-kockore-te-cilat-dyshohet-se-u-perkasin-se-paku-23-individeve","status":"publish","type":"post","link":"http:\/\/macedoniapress.com\/?p=245","title":{"rendered":"N\u00eb Zubin Potok gjenden mbetje kockore t\u00eb cilat dyshohet se u p\u00ebrkasin s\u00eb paku 23 individ\u00ebve"},"content":{"rendered":"<p>Prokuroria Speciale e Kosov\u00ebs ka njoftuar se n\u00eb varrezat masive n\u00eb Zubin Potok jan\u00eb gjetur mbetjet kockore q\u00eb dyshohet se u p\u00ebrkasin 23 individ\u00ebve.<\/p>\n<p>Mbetjet jan\u00eb identifikuar nga Instituti i Mjek\u00ebsis\u00eb Ligjore. Identifikimi i plot\u00eb do t\u00eb b\u00ebhet pas p\u00ebrfundimit t\u00eb ekzaminimeve mjeko-ligjore dhe procedurave p\u00ebrkat\u00ebse.<\/p>\n<p>Tre persona jan\u00eb n\u00ebn hetim p\u00ebr krime kund\u00ebr popullsis\u00eb civile. Ata po mbahen n\u00eb paraburgim.G\u00ebrmimet n\u00eb Zubin Potok jan\u00eb duke u zhvilluar prej jav\u00ebsh n\u00eb tri lokacione, p\u00ebrfshir\u00eb Kalludr\u00ebn e Vog\u00ebl dhe Jakub\u00ebn, pas nj\u00eb hetimi rreth dyvje\u00e7ar lidhur me dyshimet p\u00ebr krime lufte.<\/p>\n<p>Njoftimi:<\/p>\n<p>Prokuroria Speciale e Republik\u00ebs s\u00eb Kosov\u00ebs, n\u00eb bashk\u00ebpunim me Policin\u00eb e Kosov\u00ebs dhe Insitutin e Mjek\u00ebsis\u00eb Ligjore, njofton opinionin publik se, n\u00eb kuad\u00ebr t\u00eb veprimeve t\u00eb g\u00ebrmimit dhe ekshumimit n\u00eb rastin n\u00eb Zubin Potok, n\u00eb lokacionet e dyshuara, t\u00eb m\u00ebrkur\u00ebn \u00ebsht\u00eb konfirmuar nga mjeko-ligjor\u00ebt edhe gjetja e radh\u00ebs.<\/p>\n<p>Gjat\u00eb k\u00ebtyre veprimeve, bazuar n\u00eb vler\u00ebsimin preliminar, ekipet e Insitutit t\u00eb Mjek\u00ebsis\u00eb Ligjore kan\u00eb identifikuar mbetje kockore, t\u00eb cilat dyshohet se u p\u00ebrkasin s\u00eb paku 23 individ\u00ebve.<\/p>\n<p>Identifikimi i plot\u00eb do t\u00eb b\u00ebhet pas p\u00ebrfundimit t\u00eb ekzaminimeve mjeko-ligjore dhe procedurave p\u00ebrkat\u00ebse.<\/p>\n<p>Prokuroria Speciale dhe Policia e Kosov\u00ebs, p\u00ebrmes Drejtoris\u00eb p\u00ebr Hetimin e Krimeve t\u00eb Luft\u00ebs dhe n\u00eb koordinim me institucionet e tjera kompetente, do t\u00eb vazhdojn\u00eb veprimet hetimore dhe procedurale q\u00eb lidhen me k\u00ebt\u00eb rast.<\/p>\n<p>Aktualisht, lidhur me k\u00ebt\u00eb rast jan\u00eb duke u hetuar tre persona J.R., M.J dhe M.B. n\u00ebn dyshimin p\u00ebr kryerjen e vepr\u00ebs penale \u201cKrime lufte kund\u00ebr popullsis\u00eb civile\u201d, t\u00eb cil\u00ebt ndodhen n\u00eb mas\u00ebn e paraburgimit.<\/p>\n<p>PSRK, Policia e Kosov\u00ebs dhe IML-ja shprehin p\u00ebrkushtimin e tyre p\u00ebr nj\u00eb proces profesional, t\u00eb paansh\u00ebm dhe t\u00eb dokumentuar, me respekt t\u00eb plot\u00eb p\u00ebr dinjitetin e viktimave dhe familjeve t\u00eb personave t\u00eb zhdukur, dhe \u00e7do zhvillim i ri do t\u00eb mund t\u00eb b\u00ebhet publik n\u00eb p\u00ebrputhje me k\u00ebrkesat ligjore dhe interesin e hetimit.<\/p>\n","protected":false},"excerpt":{"rendered":"<p>Prokuroria Speciale e Kosov\u00ebs ka njoftuar se n\u00eb varrezat masive n\u00eb Zubin Potok jan\u00eb gjetur&#8230;<\/p>\n","protected":false},"author":2,"featured_media":246,"comment_status":"closed","ping_status":"open","sticky":false,"template":"","format":"standard","meta":{"footnotes":""},"categories":[1],"tags":[],"class_list":["post-245","post","type-post","status-publish","format-standard","has-post-thumbnail","hentry","category-rajoni"],"_links":{"self":[{"href":"http:\/\/macedoniapress.com\/index.php?rest_route=\/wp\/v2\/posts\/245","targetHints":{"allow":["GET"]}}],"collection":[{"href":"http:\/\/macedoniapress.com\/index.php?rest_route=\/wp\/v2\/posts"}],"about":[{"href":"http:\/\/macedoniapress.com\/index.php?rest_route=\/wp\/v2\/types\/post"}],"author":[{"embeddable":true,"href":"http:\/\/macedoniapress.com\/index.php?rest_route=\/wp\/v2\/users\/2"}],"replies":[{"embeddable":true,"href":"http:\/\/macedoniapress.com\/index.php?rest_route=%2Fwp%2Fv2%2Fcomments&post=245"}],"version-history":[{"count":1,"href":"http:\/\/macedoniapress.com\/index.php?rest_route=\/wp\/v2\/posts\/245\/revisions"}],"predecessor-version":[{"id":247,"href":"http:\/\/macedoniapress.com\/index.php?rest_route=\/wp\/v2\/posts\/245\/revisions\/247"}],"wp:featuredmedia":[{"embeddable":true,"href":"http:\/\/macedoniapress.com\/index.php?rest_route=\/wp\/v2\/media\/246"}],"wp:attachment":[{"href":"http:\/\/macedoniapress.com\/index.php?rest_route=%2Fwp%2Fv2%2Fmedia&parent=245"}],"wp:term":[{"taxonomy":"category","embeddable":true,"href":"http:\/\/macedoniapress.com\/index.php?rest_route=%2Fwp%2Fv2%2Fcategories&post=245"},{"taxonomy":"post_tag","embeddable":true,"href":"http:\/\/macedoniapress.com\/index.php?rest_route=%2Fwp%2Fv2%2Ftags&post=245"}],"curies":[{"name":"wp","href":"https:\/\/api.w.org\/{rel}","templated":true}]}}