{"id":240,"date":"2026-08-19T21:55:29","date_gmt":"2026-08-19T21:55:29","guid":{"rendered":"https:\/\/macedoniapress.com\/?p=240"},"modified":"2026-08-19T21:55:29","modified_gmt":"2026-08-19T21:55:29","slug":"portugalia-miraton-ligjin-e-burkes-ndalohet-mbulimi-i-fytyres-ne-publik-presidenca-jep-detaje","status":"publish","type":"post","link":"http:\/\/macedoniapress.com\/?p=240","title":{"rendered":"Portugalia miraton \u201cligjin e burk\u00ebs\u201d: Ndalohet mbulimi i fytyr\u00ebs n\u00eb publik, Presidenca jep detaje"},"content":{"rendered":"<p>Presidenti i Portugalis\u00eb, Ant\u00f3nio Jos\u00e9 Seguro, ka n\u00ebnshkruar t\u00eb mart\u00ebn ligjin e njohur si \u201cligji i burk\u00ebs\u201d, i cili ndalon njer\u00ebzit t\u00eb mbulojn\u00eb fytyr\u00ebn n\u00eb hap\u00ebsirat publike.<br \/>\nLigji ishte miratuar nga Parlamenti portugez m\u00eb 17 korrik, me votat pro t\u00eb partive qeveris\u00ebse PSD dhe CDS, si dhe t\u00eb Nism\u00ebs Liberale dhe partis\u00eb s\u00eb ekstremit t\u00eb djatht\u00eb Chega, e cila kishte hartuar draftin fillestar.<\/p>\n<p>Teksti fillestar u ndryshua m\u00eb pas p\u00ebr t\u00eb shmangur problemet e mundshme t\u00eb kushtetutshm\u00ebris\u00eb, ve\u00e7an\u00ebrisht ato q\u00eb lidhen me lirin\u00eb fetare.<br \/>\nN\u00eb versionin p\u00ebrfundimtar, ndalimi argumentohet kryesisht mbi baza q\u00eb lidhen me sigurin\u00eb dhe rendin publik, dhe jo drejtp\u00ebrdrejt me fen\u00eb.<\/p>\n<p>\u201cPas ndryshimeve legjislative t\u00eb paraqitura, Presidenti i Republik\u00ebs ka vendosur ta shpall\u00eb at\u00eb\u201d, thuhet n\u00eb nj\u00eb deklarat\u00eb t\u00eb Presidenc\u00ebs portugeze.<\/p>\n<p>Presidenti Seguro e ka mb\u00ebshtetur vendimin e tij edhe n\u00eb disa vendime t\u00eb Gjykat\u00ebs Evropiane t\u00eb t\u00eb Drejtave t\u00eb Njeriut (GJEDNJ), me t\u00eb cilat, sipas Presidenc\u00ebs, ai ndan bindjen se fytyra \u00ebsht\u00eb thelb\u00ebsore p\u00ebr identitetin dhe komunikimin njer\u00ebzor, duke p\u00ebrb\u00ebr\u00eb elementin minimal t\u00eb njohjes s\u00eb nd\u00ebrsjell\u00eb mes qytetar\u00ebve.<br \/>\nN\u00eb deklarat\u00eb theksohet gjithashtu se pranimi i nj\u00eb situate ku vet\u00ebm grat\u00eb do t\u00eb duhej t\u00eb mbulonin plot\u00ebsisht fytyr\u00ebn do t\u00eb krijonte nj\u00eb asimetri t\u00eb papajtueshme me parimin e barazis\u00eb dhe dinjitetit t\u00eb barabart\u00eb mes burrave dhe grave.<\/p>\n<p>K\u00ebto vlera, sipas Presidenc\u00ebs portugeze, p\u00ebrb\u00ebjn\u00eb nj\u00eb nga bazat themelore t\u00eb demokracive evropiane.<\/p>\n","protected":false},"excerpt":{"rendered":"<p>Presidenti i Portugalis\u00eb, Ant\u00f3nio Jos\u00e9 Seguro, ka n\u00ebnshkruar t\u00eb mart\u00ebn ligjin e njohur si \u201cligji&#8230;<\/p>\n","protected":false},"author":2,"featured_media":241,"comment_status":"closed","ping_status":"open","sticky":false,"template":"","format":"standard","meta":{"footnotes":""},"categories":[9],"tags":[],"class_list":["post-240","post","type-post","status-publish","format-standard","has-post-thumbnail","hentry","category-bota"],"_links":{"self":[{"href":"http:\/\/macedoniapress.com\/index.php?rest_route=\/wp\/v2\/posts\/240","targetHints":{"allow":["GET"]}}],"collection":[{"href":"http:\/\/macedoniapress.com\/index.php?rest_route=\/wp\/v2\/posts"}],"about":[{"href":"http:\/\/macedoniapress.com\/index.php?rest_route=\/wp\/v2\/types\/post"}],"author":[{"embeddable":true,"href":"http:\/\/macedoniapress.com\/index.php?rest_route=\/wp\/v2\/users\/2"}],"replies":[{"embeddable":true,"href":"http:\/\/macedoniapress.com\/index.php?rest_route=%2Fwp%2Fv2%2Fcomments&post=240"}],"version-history":[{"count":1,"href":"http:\/\/macedoniapress.com\/index.php?rest_route=\/wp\/v2\/posts\/240\/revisions"}],"predecessor-version":[{"id":242,"href":"http:\/\/macedoniapress.com\/index.php?rest_route=\/wp\/v2\/posts\/240\/revisions\/242"}],"wp:featuredmedia":[{"embeddable":true,"href":"http:\/\/macedoniapress.com\/index.php?rest_route=\/wp\/v2\/media\/241"}],"wp:attachment":[{"href":"http:\/\/macedoniapress.com\/index.php?rest_route=%2Fwp%2Fv2%2Fmedia&parent=240"}],"wp:term":[{"taxonomy":"category","embeddable":true,"href":"http:\/\/macedoniapress.com\/index.php?rest_route=%2Fwp%2Fv2%2Fcategories&post=240"},{"taxonomy":"post_tag","embeddable":true,"href":"http:\/\/macedoniapress.com\/index.php?rest_route=%2Fwp%2Fv2%2Ftags&post=240"}],"curies":[{"name":"wp","href":"https:\/\/api.w.org\/{rel}","templated":true}]}}