{"id":229,"date":"2026-08-19T06:59:14","date_gmt":"2026-08-19T06:59:14","guid":{"rendered":"https:\/\/macedoniapress.com\/?p=229"},"modified":"2026-08-19T06:59:14","modified_gmt":"2026-08-19T06:59:14","slug":"kemi-arritur-nje-marreveshje-me-kanadane-trump-pezullon-tarifat-drastike-ndaj-kanadase-prekeshin-20-miliarde-dollare-importe-kanadeze","status":"publish","type":"post","link":"http:\/\/macedoniapress.com\/?p=229","title":{"rendered":"\u201cKemi arritur nj\u00eb marr\u00ebveshje me Kanadan\u00eb\u201d\/ Trump pezullon tarifat drastike ndaj Kanadas\u00eb, prekeshin 20 miliard\u00eb dollar\u00eb importe kanadeze"},"content":{"rendered":"<p>Presidenti amerikan Donald Trump ka vendosur t\u00eb shtyj\u00eb me tre dit\u00eb vendosjen e tarifave t\u00eb reja prej 50% ndaj nj\u00eb game t\u00eb gjer\u00eb mallrash kanadeze, teksa SHBA dhe Kanadaja po p\u00ebrpiqen t\u00eb finalizojn\u00eb nj\u00eb marr\u00ebveshje tregtare.<br \/>\n\u201cKam pezulluar tarifat 50% ndaj Kanadas\u00eb, t\u00eb cilat duhej t\u00eb hynin n\u00eb fuqi nes\u00ebr n\u00eb m\u00ebngjes, p\u00ebr nj\u00eb periudh\u00eb tre ditore, bazuar n\u00eb faktin se Kanadaja dhe SHBA-ja, n\u00eb pritje t\u00eb finalizimit t\u00eb dokumenteve, kan\u00eb nj\u00eb marr\u00ebveshje\u201d, shkroi Trump n\u00eb rrjetet sociale.<br \/>\nVendimi u njoftua m\u00eb pak se dy or\u00eb p\u00ebrpara se tarifa e re t\u00eb hynte n\u00eb fuqi dhe t\u00eb prekte rreth 20 miliard\u00eb dollar\u00eb importe kanadeze.<br \/>\nNegociatat intensive \u2013 Trump dhe kryeministri kanadez Mark Carney kan\u00eb zhvilluar dy biseda gjat\u00eb k\u00ebsaj jave, nd\u00ebrsa negociator\u00ebt e dy vendeve kan\u00eb qen\u00eb n\u00eb bisedime intensive q\u00eb prej korrikut.<br \/>\nCarney konfirmoi se \u00ebsht\u00eb b\u00ebr\u00eb p\u00ebrparim i r\u00ebnd\u00ebsish\u00ebm, por theksoi se ende mbetet pun\u00eb p\u00ebr t\u2019u p\u00ebrfunduar.<br \/>\n\u201c\u00cbsht\u00eb b\u00ebr\u00eb p\u00ebrparim i konsideruesh\u00ebm, megjith\u00ebse ka ende pun\u00eb t\u00eb r\u00ebnd\u00ebsishme p\u00ebr t\u2019u b\u00ebr\u00eb\u201d, tha kryeministri kanadez.<br \/>\nTarifat e k\u00ebrc\u00ebnuara nga Trump do t\u00eb prekni nj\u00eb gam\u00eb t\u00eb gjer\u00eb produktesh kanadeze, p\u00ebrfshir\u00eb ver\u00ebn, produktet e bulmetit, \u00e7imenton, veshjet dhe pajisjet e hokejit.<br \/>\nAto do t\u2019u shtoheshin tarifave q\u00eb SHBA-ja ka vendosur tashm\u00eb ndaj \u00e7elikut dhe aluminit, automjeteve dhe l\u00ebnd\u00ebs drusore kanadeze.<br \/>\nAkses p\u00ebr produktet amerikane \u2013 Sipas zyr\u00ebs s\u00eb P\u00ebrfaq\u00ebsuesit Tregtar t\u00eb SHBA-s\u00eb, marr\u00ebveshja e mundshme do t\u00eb p\u00ebrfshij\u00eb akses m\u00eb t\u00eb gjer\u00eb n\u00eb tregun kanadez p\u00ebr produktet amerikane, angazhime p\u00ebr sigurin\u00eb ekonomike dhe p\u00ebrafrim n\u00eb tregtin\u00eb digjitale.<br \/>\nUashingtoni k\u00ebrkon gjithashtu q\u00eb Kanadaja t\u00eb heq\u00eb tarifat hakmarr\u00ebse ndaj automjeteve amerikane dhe t\u00eb ndryshoj\u00eb kuotat p\u00ebr produktet e bulmetit, n\u00eb m\u00ebnyr\u00eb q\u00eb prodhuesit amerikan\u00eb t\u00eb ken\u00eb akses m\u00eb t\u00eb madh n\u00eb tregun kanadez.<br \/>\nNj\u00eb tjet\u00ebr pik\u00eb e diskutimeve \u00ebsht\u00eb ndalimi i shitjes s\u00eb alkoolit amerikan n\u00eb disa provinca kanadeze. Masat u vendos\u00ebn vitin e kaluar si kund\u00ebrp\u00ebrgjigje ndaj tarifave t\u00eb Trumpit.<br \/>\nRikthimi i projektit Keystone XL \u2013 Trump tha gjithashtu se nj\u00eb marr\u00ebveshje p\u00ebrfundimtare mund t\u00eb hap\u00eb rrug\u00ebn p\u00ebr ringjalljen e projektit t\u00eb gazsjell\u00ebsit\/naft\u00ebsjell\u00ebsit Keystone XL, i cili do t\u00eb lidhte Albert\u00ebn n\u00eb Kanada me SHBA-n\u00eb.<br \/>\nProjekti, i kund\u00ebrshtuar prej vitesh nga ambientalist\u00ebt dhe grupet indigjene, ishte bllokuar nga administratat Obama dhe Biden. Trump e p\u00ebrshkroi mund\u00ebsin\u00eb e rikthimit t\u00eb tij si zgjimin nga \u201cvarri\u201d t\u00eb Keystone XL.<br \/>\nTarifat ndaj makinave \u2013 Sipas Reuters, n\u00eb or\u00ebt e fundit t\u00eb negociatave pal\u00ebt po diskutonin uljen e tarifave amerikane ndaj automjeteve kanadeze nga 25% n\u00eb 15%.<br \/>\nMegjithat\u00eb, dy vendet ende nuk kishin r\u00ebn\u00eb dakord se cilat automjete do t\u00eb p\u00ebrfitonin nga ulja. SHBA-ja k\u00ebrkon q\u00eb ajo t\u00eb zbatohet vet\u00ebm p\u00ebr automjetet q\u00eb kan\u00eb nj\u00eb p\u00ebrqindje t\u00eb lart\u00eb t\u00eb komponent\u00ebve t\u00eb prodhuar n\u00eb Amerik\u00eb.<br \/>\nNd\u00ebrkoh\u00eb, kryeministri Carney duhet t\u00eb siguroj\u00eb edhe mb\u00ebshtetjen e provincave kanadeze p\u00ebr rikthimin e shitjeve t\u00eb alkoolit amerikan, pasi kjo \u00e7\u00ebshtje \u00ebsht\u00eb n\u00ebn kompetenc\u00ebn e provincave dhe jo t\u00eb qeveris\u00eb federale.<br \/>\nDhoma Amerikane e Tregtis\u00eb ka b\u00ebr\u00eb thirrje p\u00ebr arritjen e nj\u00eb marr\u00ebveshjeje, duke paralajm\u00ebruar se tarifat m\u00eb t\u00eb larta do t\u00eb d\u00ebmtonin t\u00eb dyja ekonomit\u00eb, do t\u00eb rrisnin kostot p\u00ebr konsumator\u00ebt amerikan\u00eb dhe do t\u00eb godisnin zinxhir\u00ebt e furnizimit.<br \/>\nShtyrja prej tre dit\u00ebsh i jep tashm\u00eb negociator\u00ebve amerikan\u00eb dhe kanadez\u00eb nj\u00eb afat shtes\u00eb p\u00ebr t\u00eb finalizuar marr\u00ebveshjen e shum\u00ebdiskutuar tregtare.<\/p>\n","protected":false},"excerpt":{"rendered":"<p>Presidenti amerikan Donald Trump ka vendosur t\u00eb shtyj\u00eb me tre dit\u00eb vendosjen e tarifave t\u00eb&#8230;<\/p>\n","protected":false},"author":2,"featured_media":230,"comment_status":"closed","ping_status":"open","sticky":false,"template":"","format":"standard","meta":{"footnotes":""},"categories":[9],"tags":[],"class_list":["post-229","post","type-post","status-publish","format-standard","has-post-thumbnail","hentry","category-bota"],"_links":{"self":[{"href":"http:\/\/macedoniapress.com\/index.php?rest_route=\/wp\/v2\/posts\/229","targetHints":{"allow":["GET"]}}],"collection":[{"href":"http:\/\/macedoniapress.com\/index.php?rest_route=\/wp\/v2\/posts"}],"about":[{"href":"http:\/\/macedoniapress.com\/index.php?rest_route=\/wp\/v2\/types\/post"}],"author":[{"embeddable":true,"href":"http:\/\/macedoniapress.com\/index.php?rest_route=\/wp\/v2\/users\/2"}],"replies":[{"embeddable":true,"href":"http:\/\/macedoniapress.com\/index.php?rest_route=%2Fwp%2Fv2%2Fcomments&post=229"}],"version-history":[{"count":1,"href":"http:\/\/macedoniapress.com\/index.php?rest_route=\/wp\/v2\/posts\/229\/revisions"}],"predecessor-version":[{"id":231,"href":"http:\/\/macedoniapress.com\/index.php?rest_route=\/wp\/v2\/posts\/229\/revisions\/231"}],"wp:featuredmedia":[{"embeddable":true,"href":"http:\/\/macedoniapress.com\/index.php?rest_route=\/wp\/v2\/media\/230"}],"wp:attachment":[{"href":"http:\/\/macedoniapress.com\/index.php?rest_route=%2Fwp%2Fv2%2Fmedia&parent=229"}],"wp:term":[{"taxonomy":"category","embeddable":true,"href":"http:\/\/macedoniapress.com\/index.php?rest_route=%2Fwp%2Fv2%2Fcategories&post=229"},{"taxonomy":"post_tag","embeddable":true,"href":"http:\/\/macedoniapress.com\/index.php?rest_route=%2Fwp%2Fv2%2Ftags&post=229"}],"curies":[{"name":"wp","href":"https:\/\/api.w.org\/{rel}","templated":true}]}}