{"id":224,"date":"2026-08-18T16:58:26","date_gmt":"2026-08-18T16:58:26","guid":{"rendered":"https:\/\/macedoniapress.com\/?p=224"},"modified":"2026-08-18T16:58:26","modified_gmt":"2026-08-18T16:58:26","slug":"abdixhiku-deklarohet-pas-takimit-na-duhet-ende-kohe-per-emra-specifike-per-president","status":"publish","type":"post","link":"http:\/\/macedoniapress.com\/?p=224","title":{"rendered":"Abdixhiku deklarohet pas takimit: Na duhet ende koh\u00eb p\u00ebr emra specifik\u00eb p\u00ebr President"},"content":{"rendered":"<p>Kryetari i Lidhjes Demokratike t\u00eb Kosov\u00ebs, Lumir Abdixhiku, ka folur p\u00ebr media pas takimit me kryeministrin Kurti.<br \/>\nAbdixhiku tha se do t\u00eb diskutohet brenda partis\u00eb p\u00ebr emra konkret\u00eb.<\/p>\n<p>\u201cDiskutuam p\u00ebr kriteret dhe profilin potencial p\u00ebr profilin e presidentit t\u00eb ardhsh\u00ebm. Kriteret jan\u00eb t\u00eb qarta, ju lus q\u00eb t\u2019i besoni orientimit ton\u00eb 37-vje\u00e7ar. Jam i bindur se Kosova ka figura t\u00eb tilla, por \u00e7\u00ebshtja \u00ebsht\u00eb shum\u00eb sensitive. K\u00ebrkuar periudh\u00eb diskutuese t\u00eb brendshme brenda subjekteve tona, para se t\u00eb vijm\u00eb me emra konkret\u00eb para se takohemi s\u00ebrish. Na duhet ende koh\u00eb p\u00ebr t\u00eb dal\u00eb me emra specifik\u00eb\u201d, tha Abdixhiku.<\/p>\n","protected":false},"excerpt":{"rendered":"<p>Kryetari i Lidhjes Demokratike t\u00eb Kosov\u00ebs, Lumir Abdixhiku, ka folur p\u00ebr media pas takimit me&#8230;<\/p>\n","protected":false},"author":2,"featured_media":225,"comment_status":"closed","ping_status":"open","sticky":false,"template":"","format":"standard","meta":{"footnotes":""},"categories":[1],"tags":[],"class_list":["post-224","post","type-post","status-publish","format-standard","has-post-thumbnail","hentry","category-rajoni"],"_links":{"self":[{"href":"http:\/\/macedoniapress.com\/index.php?rest_route=\/wp\/v2\/posts\/224","targetHints":{"allow":["GET"]}}],"collection":[{"href":"http:\/\/macedoniapress.com\/index.php?rest_route=\/wp\/v2\/posts"}],"about":[{"href":"http:\/\/macedoniapress.com\/index.php?rest_route=\/wp\/v2\/types\/post"}],"author":[{"embeddable":true,"href":"http:\/\/macedoniapress.com\/index.php?rest_route=\/wp\/v2\/users\/2"}],"replies":[{"embeddable":true,"href":"http:\/\/macedoniapress.com\/index.php?rest_route=%2Fwp%2Fv2%2Fcomments&post=224"}],"version-history":[{"count":1,"href":"http:\/\/macedoniapress.com\/index.php?rest_route=\/wp\/v2\/posts\/224\/revisions"}],"predecessor-version":[{"id":226,"href":"http:\/\/macedoniapress.com\/index.php?rest_route=\/wp\/v2\/posts\/224\/revisions\/226"}],"wp:featuredmedia":[{"embeddable":true,"href":"http:\/\/macedoniapress.com\/index.php?rest_route=\/wp\/v2\/media\/225"}],"wp:attachment":[{"href":"http:\/\/macedoniapress.com\/index.php?rest_route=%2Fwp%2Fv2%2Fmedia&parent=224"}],"wp:term":[{"taxonomy":"category","embeddable":true,"href":"http:\/\/macedoniapress.com\/index.php?rest_route=%2Fwp%2Fv2%2Fcategories&post=224"},{"taxonomy":"post_tag","embeddable":true,"href":"http:\/\/macedoniapress.com\/index.php?rest_route=%2Fwp%2Fv2%2Ftags&post=224"}],"curies":[{"name":"wp","href":"https:\/\/api.w.org\/{rel}","templated":true}]}}