{"id":221,"date":"2026-08-18T16:53:27","date_gmt":"2026-08-18T16:53:27","guid":{"rendered":"https:\/\/macedoniapress.com\/?p=221"},"modified":"2026-08-18T16:53:27","modified_gmt":"2026-08-18T16:53:27","slug":"kurti-ldk-ja-ka-vullnet-qe-vendi-te-behet-me-president-pa-shkuar-ne-zgjedhje-te-reja","status":"publish","type":"post","link":"http:\/\/macedoniapress.com\/?p=221","title":{"rendered":"Kurti: LDK-ja ka vullnet q\u00eb vendi t\u00eb b\u00ebhet me president pa shkuar n\u00eb zgjedhje t\u00eb reja"},"content":{"rendered":"<p>Kryeministri n\u00eb detyr\u00eb Albin Kurti, ka folur p\u00ebr media pas takimit me kryetarin e LDK-s\u00eb Lumir Abdixhiku.<br \/>\n\u201cTakimi shkoi n\u00eb atmosfer\u00eb konstruktive dhe e pash\u00eb vullnetin e LDK-s\u00eb q\u00eb vendit t\u2019ia sjellim nj\u00eb president t\u00eb ri q\u00eb nuk ka nevoj\u00eb p\u00ebr zgjedhje t\u00eb reja, q\u00eb duhet t\u00eb sigurojm\u00eb funksionim demokratik t\u00eb shtetit dhe q\u00eb p\u00ebr k\u00ebt\u00eb duhet t\u00eb nd\u00ebrtojm\u00eb mir\u00ebbesim\u201d, tha Kurti pas takimit.<\/p>\n<p>Kurti dha detaje edhe se \u00e7far\u00eb presidente duan.<\/p>\n<p>\u201cKy takim ishte ekskluzivisht p\u00ebr figur\u00ebn presidenciale. Kriteret, parimet, rrethanat n\u00eb t\u00eb cil\u00ebn ndodhemi, \u00e7far\u00eb figurash me cilat kontribute dhe merita. Duam president ose presidente meritore, kushtetuese, q\u00eb reflekton vlerat e shoq\u00ebris\u00eb ton\u00eb\u201d, tha ai.<\/p>\n","protected":false},"excerpt":{"rendered":"<p>Kryeministri n\u00eb detyr\u00eb Albin Kurti, ka folur p\u00ebr media pas takimit me kryetarin e LDK-s\u00eb&#8230;<\/p>\n","protected":false},"author":2,"featured_media":222,"comment_status":"closed","ping_status":"open","sticky":false,"template":"","format":"standard","meta":{"footnotes":""},"categories":[1],"tags":[],"class_list":["post-221","post","type-post","status-publish","format-standard","has-post-thumbnail","hentry","category-rajoni"],"_links":{"self":[{"href":"http:\/\/macedoniapress.com\/index.php?rest_route=\/wp\/v2\/posts\/221","targetHints":{"allow":["GET"]}}],"collection":[{"href":"http:\/\/macedoniapress.com\/index.php?rest_route=\/wp\/v2\/posts"}],"about":[{"href":"http:\/\/macedoniapress.com\/index.php?rest_route=\/wp\/v2\/types\/post"}],"author":[{"embeddable":true,"href":"http:\/\/macedoniapress.com\/index.php?rest_route=\/wp\/v2\/users\/2"}],"replies":[{"embeddable":true,"href":"http:\/\/macedoniapress.com\/index.php?rest_route=%2Fwp%2Fv2%2Fcomments&post=221"}],"version-history":[{"count":1,"href":"http:\/\/macedoniapress.com\/index.php?rest_route=\/wp\/v2\/posts\/221\/revisions"}],"predecessor-version":[{"id":223,"href":"http:\/\/macedoniapress.com\/index.php?rest_route=\/wp\/v2\/posts\/221\/revisions\/223"}],"wp:featuredmedia":[{"embeddable":true,"href":"http:\/\/macedoniapress.com\/index.php?rest_route=\/wp\/v2\/media\/222"}],"wp:attachment":[{"href":"http:\/\/macedoniapress.com\/index.php?rest_route=%2Fwp%2Fv2%2Fmedia&parent=221"}],"wp:term":[{"taxonomy":"category","embeddable":true,"href":"http:\/\/macedoniapress.com\/index.php?rest_route=%2Fwp%2Fv2%2Fcategories&post=221"},{"taxonomy":"post_tag","embeddable":true,"href":"http:\/\/macedoniapress.com\/index.php?rest_route=%2Fwp%2Fv2%2Ftags&post=221"}],"curies":[{"name":"wp","href":"https:\/\/api.w.org\/{rel}","templated":true}]}}