{"id":216,"date":"2026-08-18T11:13:54","date_gmt":"2026-08-18T11:13:54","guid":{"rendered":"https:\/\/macedoniapress.com\/?p=216"},"modified":"2026-08-18T11:13:54","modified_gmt":"2026-08-18T11:13:54","slug":"vuciq-planifikon-ti-ankohet-nato-s-perpiqet-ta-ndale-hapjen-e-ures-se-ibrit","status":"publish","type":"post","link":"http:\/\/macedoniapress.com\/?p=216","title":{"rendered":"Vu\u00e7iq planifikon t\u2019i ankohet NATO-s, p\u00ebrpiqet ta ndal\u00eb hapjen e ur\u00ebs s\u00eb Ibrit"},"content":{"rendered":"<p>Presidenti serb, Aleksandar Vu\u00e7iq, ka paralajm\u00ebruar se do t\u2019i d\u00ebrgoj\u00eb nj\u00eb let\u00ebr sekretarit t\u00eb p\u00ebrgjithsh\u00ebm t\u00eb NATO-s, Mark Rute, me k\u00ebrkes\u00eb q\u00eb t\u00eb mos lejohet hapja e ur\u00ebs kryesore mbi lumin Ib\u00ebr n\u00eb Mitrovic\u00eb.<br \/>\nVu\u00e7iq tha se letr\u00ebn do ta d\u00ebrgoj\u00eb sot ose nes\u00ebr, duke shprehur dyshimin se k\u00ebrkesa e tij do t\u00eb merret parasysh.<\/p>\n<p>\u201cDo t\u2019i shkruaj Mark Rutes dhe nuk besoj se do t\u00eb reagoj\u00eb ndaj letr\u00ebs sime dhe se do ta pranoj\u00eb k\u00ebrkes\u00ebn time q\u00eb kjo t\u00eb mos b\u00ebhet\u201d, tha Vu\u00e7iq.<br \/>\nAi pretendoi se hapja e ur\u00ebs nuk mund t\u00eb lejohej pa p\u00eblqimin e kryetar\u00ebve serb\u00eb n\u00eb veri t\u00eb Kosov\u00ebs, ve\u00e7an\u00ebrisht t\u00eb kryetarit t\u00eb Mitrovic\u00ebs s\u00eb Veriut.<\/p>\n<p>Duke folur p\u00ebr q\u00ebndrimin e bashk\u00ebsis\u00eb nd\u00ebrkomb\u00ebtare, Vu\u00e7iq akuzoi vendet per\u00ebndimore se po e shtyjn\u00eb \u201cme \u00e7do kusht\u201d Kosov\u00ebn drejt pavar\u00ebsis\u00eb dhe se nuk jan\u00eb t\u00eb interesuara p\u00ebr pozit\u00ebn e serb\u00ebve n\u00eb Kosov\u00eb.<\/p>\n<p>\u201cDuhet q\u00eb politikisht t\u2019i arsyetojn\u00eb gabimet e tyre dhe vendimet e gabuara dhe me forc\u00eb ta shtyjn\u00eb Kosov\u00ebn drejt pavar\u00ebsis\u00eb, me \u00e7do kusht. Nuk u intereson se cila \u00ebsht\u00eb pozita e serb\u00ebve\u201d, deklaroi ai.<\/p>\n","protected":false},"excerpt":{"rendered":"<p>Presidenti serb, Aleksandar Vu\u00e7iq, ka paralajm\u00ebruar se do t\u2019i d\u00ebrgoj\u00eb nj\u00eb let\u00ebr sekretarit t\u00eb p\u00ebrgjithsh\u00ebm&#8230;<\/p>\n","protected":false},"author":2,"featured_media":217,"comment_status":"closed","ping_status":"open","sticky":false,"template":"","format":"standard","meta":{"footnotes":""},"categories":[1],"tags":[],"class_list":["post-216","post","type-post","status-publish","format-standard","has-post-thumbnail","hentry","category-rajoni"],"_links":{"self":[{"href":"http:\/\/macedoniapress.com\/index.php?rest_route=\/wp\/v2\/posts\/216","targetHints":{"allow":["GET"]}}],"collection":[{"href":"http:\/\/macedoniapress.com\/index.php?rest_route=\/wp\/v2\/posts"}],"about":[{"href":"http:\/\/macedoniapress.com\/index.php?rest_route=\/wp\/v2\/types\/post"}],"author":[{"embeddable":true,"href":"http:\/\/macedoniapress.com\/index.php?rest_route=\/wp\/v2\/users\/2"}],"replies":[{"embeddable":true,"href":"http:\/\/macedoniapress.com\/index.php?rest_route=%2Fwp%2Fv2%2Fcomments&post=216"}],"version-history":[{"count":1,"href":"http:\/\/macedoniapress.com\/index.php?rest_route=\/wp\/v2\/posts\/216\/revisions"}],"predecessor-version":[{"id":218,"href":"http:\/\/macedoniapress.com\/index.php?rest_route=\/wp\/v2\/posts\/216\/revisions\/218"}],"wp:featuredmedia":[{"embeddable":true,"href":"http:\/\/macedoniapress.com\/index.php?rest_route=\/wp\/v2\/media\/217"}],"wp:attachment":[{"href":"http:\/\/macedoniapress.com\/index.php?rest_route=%2Fwp%2Fv2%2Fmedia&parent=216"}],"wp:term":[{"taxonomy":"category","embeddable":true,"href":"http:\/\/macedoniapress.com\/index.php?rest_route=%2Fwp%2Fv2%2Fcategories&post=216"},{"taxonomy":"post_tag","embeddable":true,"href":"http:\/\/macedoniapress.com\/index.php?rest_route=%2Fwp%2Fv2%2Ftags&post=216"}],"curies":[{"name":"wp","href":"https:\/\/api.w.org\/{rel}","templated":true}]}}