{"id":202,"date":"2026-08-17T19:39:31","date_gmt":"2026-08-17T19:39:31","guid":{"rendered":"https:\/\/macedoniapress.com\/?p=202"},"modified":"2026-08-17T19:39:31","modified_gmt":"2026-08-17T19:39:31","slug":"daut-haradinaj-ngre-alarmin-kosova-i-shet-qymyr-maqedonise-se-veriut-ndersa-prej-saj-blen-rryme","status":"publish","type":"post","link":"http:\/\/macedoniapress.com\/?p=202","title":{"rendered":"Daut Haradinaj ngre alarmin: Kosova i shet qymyr Maqedonis\u00eb s\u00eb Veriut, nd\u00ebrsa prej saj blen rrym\u00eb"},"content":{"rendered":"<p>Daut Haradinaj, nga Aleanca ka reaguar pas n\u00ebnshkrimit t\u00eb kontrat\u00ebs p\u00ebr furnizimin e Maqedonis\u00eb s\u00eb Veriut me qymyr nga Kosova.<br \/>\nHaradinaj ka th\u00ebn\u00eb se p\u00ebr k\u00ebt\u00eb \u00e7\u00ebshtje kishte paralajm\u00ebruar edhe m\u00eb her\u00ebt, duke e konsideruar kontrat\u00ebn si nj\u00eb veprim t\u00eb d\u00ebmsh\u00ebm p\u00ebr pasurin\u00eb e Kosov\u00ebs.<\/p>\n<p>\u201cSot u n\u00ebnshkrua kontrata me Maqedonin\u00eb e Veriut p\u00ebr furnizimin e k\u00ebtij t\u00eb fundit me qymyr nga Kosova. Pra, para 2 muajsh kam paralajm\u00ebruar p\u00ebr k\u00ebt\u00eb krim t\u00eb ri q\u00eb po ndodh me pasurin\u00eb e Kosov\u00ebs\u201d, ka shkruar Haradinaj.<br \/>\nAi ka ngritur pik\u00ebpyetje edhe p\u00ebr marr\u00ebdh\u00ebniet energjetike mes dy vendeve, duke theksuar se Kosova, sipas tij, shpenzon shuma t\u00eb m\u00ebdha p\u00ebr importin e energjis\u00eb elektrike, nd\u00ebrsa n\u00eb t\u00eb nj\u00ebjt\u00ebn koh\u00eb eksporton qymyr n\u00eb nj\u00eb shtet nga i cili blen energji.<\/p>\n<p>\u201cNe blejm\u00eb rrym\u00eb mbi 1 miliard euro dhe i shesim qymyr nj\u00ebrit nga shtetet prej t\u00eb cilit blejm\u00eb rrym\u00eb\u201d, ka deklaruar ai.<\/p>\n<p>Haradinaj ka k\u00ebrkuar q\u00eb Korporata Energjetike e Kosov\u00ebs (KEK) ta b\u00ebj\u00eb publike kontrat\u00ebn e n\u00ebnshkruar, p\u00ebrfshir\u00eb vler\u00ebn e shitjes s\u00eb qymyrit.<br \/>\nPo ashtu, ai ka k\u00ebrkuar transparenc\u00eb lidhur me shum\u00ebn q\u00eb Kosova paguan p\u00ebr energjin\u00eb elektrike t\u00eb importuar nga Maqedonia e Veriut.<\/p>\n<p>\u201cKEK-u ta publikoj\u00eb kontrat\u00ebn e vler\u00ebs s\u00eb shitjes. Po ashtu, t\u00eb publikohet vlera se sa ia blejm\u00eb rrym\u00ebn Maqedonis\u00eb s\u00eb Veriut, nga xhepi i qytetar\u00ebve\u201d, ka shkruar Haradinaj.<\/p>\n","protected":false},"excerpt":{"rendered":"<p>Daut Haradinaj, nga Aleanca ka reaguar pas n\u00ebnshkrimit t\u00eb kontrat\u00ebs p\u00ebr furnizimin e Maqedonis\u00eb s\u00eb&#8230;<\/p>\n","protected":false},"author":2,"featured_media":203,"comment_status":"closed","ping_status":"open","sticky":false,"template":"","format":"standard","meta":{"footnotes":""},"categories":[1,5],"tags":[],"class_list":["post-202","post","type-post","status-publish","format-standard","has-post-thumbnail","hentry","category-rajoni","category-vendi"],"_links":{"self":[{"href":"http:\/\/macedoniapress.com\/index.php?rest_route=\/wp\/v2\/posts\/202","targetHints":{"allow":["GET"]}}],"collection":[{"href":"http:\/\/macedoniapress.com\/index.php?rest_route=\/wp\/v2\/posts"}],"about":[{"href":"http:\/\/macedoniapress.com\/index.php?rest_route=\/wp\/v2\/types\/post"}],"author":[{"embeddable":true,"href":"http:\/\/macedoniapress.com\/index.php?rest_route=\/wp\/v2\/users\/2"}],"replies":[{"embeddable":true,"href":"http:\/\/macedoniapress.com\/index.php?rest_route=%2Fwp%2Fv2%2Fcomments&post=202"}],"version-history":[{"count":1,"href":"http:\/\/macedoniapress.com\/index.php?rest_route=\/wp\/v2\/posts\/202\/revisions"}],"predecessor-version":[{"id":204,"href":"http:\/\/macedoniapress.com\/index.php?rest_route=\/wp\/v2\/posts\/202\/revisions\/204"}],"wp:featuredmedia":[{"embeddable":true,"href":"http:\/\/macedoniapress.com\/index.php?rest_route=\/wp\/v2\/media\/203"}],"wp:attachment":[{"href":"http:\/\/macedoniapress.com\/index.php?rest_route=%2Fwp%2Fv2%2Fmedia&parent=202"}],"wp:term":[{"taxonomy":"category","embeddable":true,"href":"http:\/\/macedoniapress.com\/index.php?rest_route=%2Fwp%2Fv2%2Fcategories&post=202"},{"taxonomy":"post_tag","embeddable":true,"href":"http:\/\/macedoniapress.com\/index.php?rest_route=%2Fwp%2Fv2%2Ftags&post=202"}],"curies":[{"name":"wp","href":"https:\/\/api.w.org\/{rel}","templated":true}]}}