{"id":195,"date":"2026-08-17T17:27:47","date_gmt":"2026-08-17T17:27:47","guid":{"rendered":"https:\/\/macedoniapress.com\/?p=195"},"modified":"2026-08-17T17:27:47","modified_gmt":"2026-08-17T17:27:47","slug":"georgievski-demanton-menduh-thacin-po-ka-patur-plan-per-ndarjen-e-maqedonise-xhaferi-me-kerkoi-10-dite-kohe","status":"publish","type":"post","link":"http:\/\/macedoniapress.com\/?p=195","title":{"rendered":"Georgievski demanton Menduh Tha\u00e7in: Po, ka patur plan p\u00ebr ndarjen e Maqedonis\u00eb, Xhaferi m\u00eb k\u00ebrkoi 10 dit\u00eb koh\u00eb!"},"content":{"rendered":"<p>Lub\u00e7o Georgievski, ish-kryeministri i periudh\u00ebs s\u00eb konfliktit t\u00eb vitit 2001 ka ndar\u00eb p\u00ebr her\u00eb t\u00eb par\u00eb detaje se a kishte plan at\u00ebkoh\u00eb p\u00ebr ndarjen e Maqedonis\u00eb, q\u00eb disa her\u00eb \u00ebsht\u00eb p\u00ebrmendur nga kreu i BDI-s\u00eb dhe ish-shefi politik i U\u00c7K-s\u00eb, Ali Ahmeti.<\/p>\n<p>Georgievski n\u00eb nj\u00eb intervist\u00eb dit\u00ebve t\u00eb fundit p\u00ebr TV24 theksoi se ka pasur plan famoz q\u00eb i \u00ebsht\u00eb prezantuar nga krer\u00ebt e Akademis\u00eb s\u00eb Shkencave dhe Arteve Maqedonase (ASHAM) dhe se ai m\u00eb pas k\u00ebt\u00eb e ka diskutuar me kreun shtet\u00ebror.<\/p>\n<p>Sipas tij, ideja apo plani i \u00ebsht\u00eb b\u00ebr\u00eb me dije edhe Arb\u00ebn Xhaferit, at\u00ebkoh\u00eb kryetar i PDSH-s\u00eb dhe pjes\u00eb e Qeveris\u00eb, i cili m\u00eb pas ka informuar si\u00e7 n\u00ebnkuptohet edhe U\u00c7K-n\u00eb.<\/p>\n<p>M\u00eb posht\u00eb vijon deklarata e plot\u00eb e ish-kryeministrit Lup\u00e7o Georgievski:<\/p>\n<p>\u201cPlanin famoz p\u00ebr her\u00eb t\u00eb par\u00eb e kam d\u00ebgjuar nga akademik\u00ebt Gjorgji Stradellov, Bllazhe Ristevski, Gjorgji Efremov q\u00eb ishte kryetar. Megjithat\u00eb, pavar\u00ebsisht tyre, jemi ulur m\u00eb pas ne si kreu shtet\u00ebror, un\u00eb, Stojan Andov dhe presidenti Boris Trajkovski, q\u00eb nj\u00eblloj erdh\u00ebm deri tek njohuri t\u00eb tilla se n\u00ebse nuk duan t\u00eb jetojn\u00eb me ne, at\u00ebher\u00eb t\u00eb ndahemi. Kemi folur p\u00ebr k\u00ebt\u00eb ide. Boris Trajkovski i ka informuar nd\u00ebrkomb\u00ebtar\u00ebt, por edhe mediat p\u00ebr iden\u00eb e tij. Logjika ishte shum\u00eb e thjesht\u00eb se pse t\u00eb luftojm\u00eb, t\u00eb vritemi, n\u00ebse nuk duan t\u00eb jetojm\u00eb bashk\u00eb, t\u00eb ndahemi. Un\u00eb kam informuar at\u00ebkoh\u00eb Arb\u00ebn Xhaferin, dhe ai m\u00eb tha se do t\u00eb jap\u00ebsh koh\u00eb nj\u00eb jav\u00eb, 10 dit\u00eb, dhe m\u00eb pas m\u00eb tha se nuk e p\u00ebrkrahin si propozim, nuk duan. Se kush nuk deshti nuk m\u00eb ka th\u00ebn\u00eb, a ishte nga nd\u00ebrkomb\u00ebtar\u00ebt, apo nga ata, duke n\u00ebnkuptuar U\u00c7K-ja. Por, edhe pse ishin kund\u00ebr planit, sipas komunikatave t\u00eb tyre, shihej se ata luftonin p\u00ebr territor\u201d.<\/p>\n<p>N\u00eb nd\u00ebrkoh\u00eb, dit\u00eb m\u00eb par\u00eb, kryetari i PDSH-s\u00eb, Menduh Tha\u00e7i, tha se Ali Ahmeti po g\u00ebnjen se ka patur plan p\u00ebr ndarjen e Maqedonis\u00eb dhe se do ta padis\u00eb Ahmetin n\u00eb em\u00ebr t\u00eb Arb\u00ebr Xhaferit n\u00ebse edhe nj\u00eb her\u00eb thot\u00eb se ish-kryetari i PDSH-s\u00eb ia kishte prezantuar dokumentin e Akademis\u00eb p\u00ebr ndarjen e Maqedonis\u00eb n\u00eb vitin 2001.<\/p>\n","protected":false},"excerpt":{"rendered":"<p>Lub\u00e7o Georgievski, ish-kryeministri i periudh\u00ebs s\u00eb konfliktit t\u00eb vitit 2001 ka ndar\u00eb p\u00ebr her\u00eb t\u00eb&#8230;<\/p>\n","protected":false},"author":2,"featured_media":196,"comment_status":"closed","ping_status":"open","sticky":false,"template":"","format":"standard","meta":{"footnotes":""},"categories":[5],"tags":[],"class_list":["post-195","post","type-post","status-publish","format-standard","has-post-thumbnail","hentry","category-vendi"],"_links":{"self":[{"href":"http:\/\/macedoniapress.com\/index.php?rest_route=\/wp\/v2\/posts\/195","targetHints":{"allow":["GET"]}}],"collection":[{"href":"http:\/\/macedoniapress.com\/index.php?rest_route=\/wp\/v2\/posts"}],"about":[{"href":"http:\/\/macedoniapress.com\/index.php?rest_route=\/wp\/v2\/types\/post"}],"author":[{"embeddable":true,"href":"http:\/\/macedoniapress.com\/index.php?rest_route=\/wp\/v2\/users\/2"}],"replies":[{"embeddable":true,"href":"http:\/\/macedoniapress.com\/index.php?rest_route=%2Fwp%2Fv2%2Fcomments&post=195"}],"version-history":[{"count":1,"href":"http:\/\/macedoniapress.com\/index.php?rest_route=\/wp\/v2\/posts\/195\/revisions"}],"predecessor-version":[{"id":197,"href":"http:\/\/macedoniapress.com\/index.php?rest_route=\/wp\/v2\/posts\/195\/revisions\/197"}],"wp:featuredmedia":[{"embeddable":true,"href":"http:\/\/macedoniapress.com\/index.php?rest_route=\/wp\/v2\/media\/196"}],"wp:attachment":[{"href":"http:\/\/macedoniapress.com\/index.php?rest_route=%2Fwp%2Fv2%2Fmedia&parent=195"}],"wp:term":[{"taxonomy":"category","embeddable":true,"href":"http:\/\/macedoniapress.com\/index.php?rest_route=%2Fwp%2Fv2%2Fcategories&post=195"},{"taxonomy":"post_tag","embeddable":true,"href":"http:\/\/macedoniapress.com\/index.php?rest_route=%2Fwp%2Fv2%2Ftags&post=195"}],"curies":[{"name":"wp","href":"https:\/\/api.w.org\/{rel}","templated":true}]}}