{"id":185,"date":"2026-08-17T12:01:59","date_gmt":"2026-08-17T12:01:59","guid":{"rendered":"https:\/\/macedoniapress.com\/?p=185"},"modified":"2026-08-17T12:01:59","modified_gmt":"2026-08-17T12:01:59","slug":"kfor-largohet-nga-ura-e-ibrit-permiresohet-siguria-misioni-i-nato-s-nis-terheqjen-graduale-nga-ura-e-mitrovices","status":"publish","type":"post","link":"http:\/\/macedoniapress.com\/?p=185","title":{"rendered":"KFOR largohet nga ura e Ibrit. P\u00ebrmir\u00ebsohet siguria, misioni i NATO-s nis t\u00ebrheqjen graduale nga ura e Mitrovic\u00ebs"},"content":{"rendered":"<p>KFOR-i ka nisur t\u00ebrheqjen graduale t\u00eb pranis\u00eb s\u00eb p\u00ebrhershme nga ura mbi lumin Ib\u00ebr n\u00eb Mitrovic\u00eb, duke e justifikuar vendimin me \u201cp\u00ebrmir\u00ebsimin e situat\u00ebs s\u00eb siguris\u00eb\u201d.<br \/>\nMegjithat\u00eb, misioni i NATO-s thekson se do t\u00eb mbaj\u00eb nj\u00eb prani t\u00eb fuqishme n\u00eb veri t\u00eb Kosov\u00ebs dhe mund t\u00eb rikthej\u00eb trupat n\u00eb terren n\u00ebse situata p\u00ebrkeq\u00ebsohet. Vendimi vjen pas nj\u00eb s\u00ebr\u00eb incidentesh n\u00eb veri, p\u00ebrfshir\u00eb shembjen e 17 objekteve n\u00eb pron\u00ebsi t\u00eb serb\u00ebve pran\u00eb liqenit t\u00eb Ujmanit dhe pretendimet p\u00ebr dhun\u00eb nga pjes\u00ebtar\u00eb t\u00eb Policis\u00eb s\u00eb Kosov\u00ebs ndaj nj\u00eb banori gjat\u00eb nj\u00eb kontrolli.<br \/>\nKFOR-i po transferon gradualisht disa p\u00ebrgjegj\u00ebsi te Policia e Kosov\u00ebs, nd\u00ebrsa autoritetet n\u00eb Prishtin\u00eb shpresojn\u00eb q\u00eb kjo t\u00eb krijoj\u00eb kushtet p\u00ebr rihapjen e ur\u00ebs kryesore t\u00eb Mitrovic\u00ebs p\u00ebr qarkullim. N\u00eb rastin e Manastirit t\u00eb Visok\u00eb De\u00e7anit, Policia e Kosov\u00ebs pritet gjithashtu t\u00eb integrohet gradualisht n\u00eb strukturat q\u00eb sigurojn\u00eb objektin. Por n\u00eb veri ekziston ende nj\u00eb nivel i ul\u00ebt besimi ndaj institucioneve t\u00eb Kosov\u00ebs, ve\u00e7an\u00ebrisht ndaj policis\u00eb.<br \/>\nP\u00ebrfaq\u00ebsues t\u00eb komunitetit serb argumentojn\u00eb se reduktimi i KFOR-it dhe rihapja e ur\u00ebs po ndodhin n\u00eb nj\u00eb moment t\u00eb pap\u00ebrshtatsh\u00ebm, duke p\u00ebrmendur incidentet e fundit dhe shqet\u00ebsimet p\u00ebr sigurin\u00eb. Nga ana tjet\u00ebr, disa ekspert\u00eb vler\u00ebsojn\u00eb se Policia e Kosov\u00ebs ka krijuar kapacitete t\u00eb mjaftueshme p\u00ebr ruajtjen e rendit n\u00eb veri dhe se, pas vendosjes s\u00eb kontrollit institucional t\u00eb Prishtin\u00ebs n\u00eb k\u00ebt\u00eb pjes\u00eb t\u00eb Kosov\u00ebs, mbyllja e ur\u00ebs nuk paraqet m\u00eb t\u00eb nj\u00ebjtin justifikim sigurie si m\u00eb par\u00eb.<br \/>\nMegjithat\u00eb, tensionet dhe mungesa e besimit mes komunitetit serb dhe institucioneve t\u00eb Kosov\u00ebs tregojn\u00eb se situata mbetet e brisht\u00eb.<\/p>\n","protected":false},"excerpt":{"rendered":"<p>KFOR-i ka nisur t\u00ebrheqjen graduale t\u00eb pranis\u00eb s\u00eb p\u00ebrhershme nga ura mbi lumin Ib\u00ebr n\u00eb&#8230;<\/p>\n","protected":false},"author":2,"featured_media":186,"comment_status":"closed","ping_status":"open","sticky":false,"template":"","format":"standard","meta":{"footnotes":""},"categories":[1],"tags":[],"class_list":["post-185","post","type-post","status-publish","format-standard","has-post-thumbnail","hentry","category-rajoni"],"_links":{"self":[{"href":"http:\/\/macedoniapress.com\/index.php?rest_route=\/wp\/v2\/posts\/185","targetHints":{"allow":["GET"]}}],"collection":[{"href":"http:\/\/macedoniapress.com\/index.php?rest_route=\/wp\/v2\/posts"}],"about":[{"href":"http:\/\/macedoniapress.com\/index.php?rest_route=\/wp\/v2\/types\/post"}],"author":[{"embeddable":true,"href":"http:\/\/macedoniapress.com\/index.php?rest_route=\/wp\/v2\/users\/2"}],"replies":[{"embeddable":true,"href":"http:\/\/macedoniapress.com\/index.php?rest_route=%2Fwp%2Fv2%2Fcomments&post=185"}],"version-history":[{"count":1,"href":"http:\/\/macedoniapress.com\/index.php?rest_route=\/wp\/v2\/posts\/185\/revisions"}],"predecessor-version":[{"id":187,"href":"http:\/\/macedoniapress.com\/index.php?rest_route=\/wp\/v2\/posts\/185\/revisions\/187"}],"wp:featuredmedia":[{"embeddable":true,"href":"http:\/\/macedoniapress.com\/index.php?rest_route=\/wp\/v2\/media\/186"}],"wp:attachment":[{"href":"http:\/\/macedoniapress.com\/index.php?rest_route=%2Fwp%2Fv2%2Fmedia&parent=185"}],"wp:term":[{"taxonomy":"category","embeddable":true,"href":"http:\/\/macedoniapress.com\/index.php?rest_route=%2Fwp%2Fv2%2Fcategories&post=185"},{"taxonomy":"post_tag","embeddable":true,"href":"http:\/\/macedoniapress.com\/index.php?rest_route=%2Fwp%2Fv2%2Ftags&post=185"}],"curies":[{"name":"wp","href":"https:\/\/api.w.org\/{rel}","templated":true}]}}