{"id":176,"date":"2026-08-16T13:14:43","date_gmt":"2026-08-16T13:14:43","guid":{"rendered":"https:\/\/macedoniapress.com\/?p=176"},"modified":"2026-08-16T13:14:43","modified_gmt":"2026-08-16T13:14:43","slug":"bdi-janevska-kerkon-te-shfuqizohet-badenteri-dhe-i-quan-shqiptaret-komunitet-i-vogel-poshterimi-nuk-ka-fund","status":"publish","type":"post","link":"http:\/\/macedoniapress.com\/?p=176","title":{"rendered":"BDI: Janevska k\u00ebrkon t\u00eb shfuqizohet Badenteri dhe i quan shqiptar\u00ebt \u201ckomunitet i vog\u00ebl\u201d \u2013 posht\u00ebrimi nuk ka fund"},"content":{"rendered":"<p> Bashkimi Demokratik p\u00ebr Integrim ka reaguar ashp\u00ebr ndaj deklaratave t\u00eb ministres s\u00eb Arsimit dhe Shkenc\u00ebs, Vesna Janevska, duke i cil\u00ebsuar ato si sulm t\u00eb drejtp\u00ebrdrejt\u00eb ndaj nj\u00eb prej shtyllave themelore t\u00eb Marr\u00ebveshjes Korniz\u00eb t\u00eb Ohrit dhe rendit kushtetues t\u00eb Maqedonis\u00eb s\u00eb Veriut.<br \/>\nSipas BDI-s\u00eb, Janevska e ka cil\u00ebsuar parimin e Badenterit si nj\u00eb \u201cmjet\u201d dhe ka k\u00ebrkuar q\u00eb ai t\u00eb mos zbatohet n\u00eb rastet kur ajo dhe Qeveria vler\u00ebsojn\u00eb se nuk \u00ebsht\u00eb i nevojsh\u00ebm.<br \/>\nNga BDI theksojn\u00eb se Kushtetuta nuk i jep ministres dhe as Qeveris\u00eb t\u00eb drejt\u00ebn q\u00eb t\u00eb vendosin n\u00eb m\u00ebnyr\u00eb selektive se kur duhet dhe kur nuk duhet t\u00eb zbatohet shumica e Badenterit.<br \/>\n\u201cAmendamenti X k\u00ebrkon shumic\u00eb t\u00eb dyfisht\u00eb p\u00ebr ligjet q\u00eb prekin arsimin. Zbatimi i Badenterit nuk varet nga vler\u00ebsimi personal i Janevsk\u00ebs n\u00ebse nj\u00eb ligj i caktuar i prek shqiptar\u00ebt\u201d, thuhet n\u00eb reagimin e BDI-s\u00eb.<br \/>\nPartia opozitare shqiptare e konsideron edhe m\u00eb problematike terminologjin\u00eb e p\u00ebrdorur nga ministrja Janevska, e cila, sipas BDI-s\u00eb, n\u00eb kontekstin e bllokad\u00ebs s\u00eb ligjeve nga deputet\u00ebt shqiptar\u00eb, ka folur p\u00ebr shqiptar\u00ebt si p\u00ebr nj\u00eb \u201ckomunitet t\u00eb vog\u00ebl\u201d.<br \/>\nN\u00eb reagim theksohet se shqiptar\u00ebt jan\u00eb popull shtetformues dhe pjes\u00eb thelb\u00ebsore e rendit kushtetues t\u00eb krijuar pas Marr\u00ebveshjes s\u00eb Ohrit.<br \/>\n\u201cEdhe m\u00eb posht\u00ebruese \u00ebsht\u00eb se, n\u00eb kontekstin e bllokad\u00ebs nga deputet\u00ebt shqiptar\u00eb, ministrja flet p\u00ebr shqiptar\u00ebt si p\u00ebr nj\u00eb \u2018komunitet t\u00eb vog\u00ebl\u2019. Shqiptar\u00ebt jan\u00eb popull shtetformues dhe pjes\u00eb thelb\u00ebsore e rendit kushtetues t\u00eb dal\u00eb nga Marr\u00ebveshja e Ohrit\u201d, thekson BDI.<br \/>\nSipas partis\u00eb, parimi i Badenterit nuk \u00ebsht\u00eb nj\u00eb mekaniz\u00ebm q\u00eb Qeveria mund ta zbatoj\u00eb ose ta anashkaloj\u00eb sipas vler\u00ebsimit t\u00eb saj politik, por nj\u00eb garanci kushtetuese e krijuar pik\u00ebrisht p\u00ebr t\u00eb parandaluar q\u00eb shumica numerike t\u00eb vendos\u00eb e vetme p\u00ebr \u00e7\u00ebshtjet q\u00eb prekin gjuh\u00ebn, arsimin dhe identitetin e shqiptar\u00ebve.<br \/>\n\u201cBadenteri \u00ebsht\u00eb garanci kushtetuese q\u00eb shumica numerike t\u00eb mos vendos\u00eb e vetme p\u00ebr gjuh\u00ebn, arsimin dhe identitetin e shqiptar\u00ebve. K\u00ebrkesa p\u00ebr zbatimin e tij selektiv synon zhvler\u00ebsimin e plot\u00eb t\u00eb k\u00ebtij mekanizmi\u201d, thuhet m\u00eb tej n\u00eb reagim.<br \/>\nBDI p\u00ebrgjegj\u00ebsin\u00eb p\u00ebr situat\u00ebn ia adreson edhe koalicionit VLEN, duke e lidhur deklarat\u00ebn e ministres Janevska me, si\u00e7 thot\u00eb, munges\u00ebn e legjitimitetit dhe paaft\u00ebsin\u00eb politike t\u00eb p\u00ebrfaq\u00ebsuesve shqiptar\u00eb n\u00eb Qeveri.<br \/>\nSipas BDI-s\u00eb, prania e VLEN-it n\u00eb ekzekutiv nuk po garanton mbrojtjen e interesave dhe t\u00eb drejtave t\u00eb shqiptar\u00ebve, nd\u00ebrsa heshtja e p\u00ebrfaq\u00ebsuesve t\u00eb k\u00ebtij koalicioni po u mund\u00ebson ministrave t\u00eb Qeveris\u00eb q\u00eb t\u00eb p\u00ebrdorin deklarata posht\u00ebruese ndaj shqiptar\u00ebve pa u p\u00ebrballur me p\u00ebrgjegj\u00ebsi politike.<br \/>\n\u201cKjo \u00ebsht\u00eb pasoj\u00eb e munges\u00ebs s\u00eb legjitimitetit dhe paaft\u00ebsis\u00eb s\u00eb s\u2019Vlen-it. Prania e tyre n\u00eb Qeveri nuk i mbron shqiptar\u00ebt. Heshtja e tyre u mund\u00ebson ministrave t\u2019i posht\u00ebrojn\u00eb publikisht shqiptar\u00ebt pa dh\u00ebn\u00eb asnj\u00eb p\u00ebrgjegj\u00ebsi\u201d, akuzon BDI.<br \/>\nNga Bashkimi Demokratik p\u00ebr Integrim k\u00ebrkojn\u00eb q\u00eb ministrja Vesna Janevska t\u00eb k\u00ebrkoj\u00eb menj\u00ebher\u00eb falje publike dhe ta t\u00ebrheq\u00eb deklarat\u00ebn e saj.<br \/>\nNj\u00ebkoh\u00ebsisht, BDI k\u00ebrkon q\u00eb ligjet q\u00eb kan\u00eb t\u00eb b\u00ebjn\u00eb me arsimin t\u00eb miratohen n\u00eb p\u00ebrputhje t\u00eb plot\u00eb me Kushtetut\u00ebn dhe me shumic\u00ebn e nevojshme t\u00eb Badenterit, duke kund\u00ebrshtuar \u00e7do p\u00ebrpjekje p\u00ebr zbatim selektiv t\u00eb k\u00ebtij mekanizmi.<br \/>\n\u201cLigjet p\u00ebr arsimin duhet t\u00eb miratohen n\u00eb p\u00ebrputhje me Kushtetut\u00ebn dhe me shumic\u00ebn e nevojshme t\u00eb Badenterit. Badenteri nuk \u00ebsht\u00eb n\u00eb dispozicion t\u00eb Qeveris\u00eb. Ai \u00ebsht\u00eb detyrim kushtetues\u201d, p\u00ebrfundon reagimi i BDI-s\u00eb.<\/p>\n","protected":false},"excerpt":{"rendered":"<p>Bashkimi Demokratik p\u00ebr Integrim ka reaguar ashp\u00ebr ndaj deklaratave t\u00eb ministres s\u00eb Arsimit dhe Shkenc\u00ebs,&#8230;<\/p>\n","protected":false},"author":2,"featured_media":177,"comment_status":"closed","ping_status":"open","sticky":false,"template":"","format":"standard","meta":{"footnotes":""},"categories":[5],"tags":[],"class_list":["post-176","post","type-post","status-publish","format-standard","has-post-thumbnail","hentry","category-vendi"],"_links":{"self":[{"href":"http:\/\/macedoniapress.com\/index.php?rest_route=\/wp\/v2\/posts\/176","targetHints":{"allow":["GET"]}}],"collection":[{"href":"http:\/\/macedoniapress.com\/index.php?rest_route=\/wp\/v2\/posts"}],"about":[{"href":"http:\/\/macedoniapress.com\/index.php?rest_route=\/wp\/v2\/types\/post"}],"author":[{"embeddable":true,"href":"http:\/\/macedoniapress.com\/index.php?rest_route=\/wp\/v2\/users\/2"}],"replies":[{"embeddable":true,"href":"http:\/\/macedoniapress.com\/index.php?rest_route=%2Fwp%2Fv2%2Fcomments&post=176"}],"version-history":[{"count":1,"href":"http:\/\/macedoniapress.com\/index.php?rest_route=\/wp\/v2\/posts\/176\/revisions"}],"predecessor-version":[{"id":178,"href":"http:\/\/macedoniapress.com\/index.php?rest_route=\/wp\/v2\/posts\/176\/revisions\/178"}],"wp:featuredmedia":[{"embeddable":true,"href":"http:\/\/macedoniapress.com\/index.php?rest_route=\/wp\/v2\/media\/177"}],"wp:attachment":[{"href":"http:\/\/macedoniapress.com\/index.php?rest_route=%2Fwp%2Fv2%2Fmedia&parent=176"}],"wp:term":[{"taxonomy":"category","embeddable":true,"href":"http:\/\/macedoniapress.com\/index.php?rest_route=%2Fwp%2Fv2%2Fcategories&post=176"},{"taxonomy":"post_tag","embeddable":true,"href":"http:\/\/macedoniapress.com\/index.php?rest_route=%2Fwp%2Fv2%2Ftags&post=176"}],"curies":[{"name":"wp","href":"https:\/\/api.w.org\/{rel}","templated":true}]}}