{"id":171,"date":"2026-08-16T09:20:07","date_gmt":"2026-08-16T09:20:07","guid":{"rendered":"https:\/\/macedoniapress.com\/?p=171"},"modified":"2026-08-16T09:21:55","modified_gmt":"2026-08-16T09:21:55","slug":"haxhiu-pa-marreveshje-per-presidentin-vendi-shkon-drejt-zgjedhjeve-te-reja","status":"publish","type":"post","link":"http:\/\/macedoniapress.com\/?p=171","title":{"rendered":"Haxhiu: Pa marr\u00ebveshje p\u00ebr Presidentin, vendi shkon drejt zgjedhjeve t\u00eb reja"},"content":{"rendered":"<p>Ushtruesja e detyr\u00ebs s\u00eb Presidentes, Albulena Haxhiu, ka reaguar n\u00eb rrjetet sociale lidhur me situat\u00ebn politike n\u00eb vend dhe proceset e fundit zgjedhore.<br \/>\nP\u00ebrmes nj\u00eb postimi n\u00eb Facebook, Haxhiu ka shkruar se tri pal\u00eb zgjedhje t\u00eb nj\u00ebpasnj\u00ebshme me rezultate t\u00eb p\u00ebraf\u00ebrta d\u00ebshmojn\u00eb se pa dialog politik, ve\u00e7an\u00ebrisht p\u00ebr \u00e7\u00ebshtjen e Presidentit nuk mund t\u00eb ket\u00eb zgjidhje p\u00ebr ecjen p\u00ebrpara, raporton IndeksOnline.<\/p>\n<p>Ajo ka b\u00ebr\u00eb t\u00eb ditur se ka ftuar krer\u00ebt e t\u00eb gjitha subjekteve politike parlamentare p\u00ebr t\u00eb diskutuar gjetjen e nj\u00eb konsensusi, nd\u00ebrsa ka shprehur keqardhje p\u00ebr refuzimin e ftes\u00ebs nga PDK-ja dhe AAK-ja.<br \/>\n\u201cZgjedhjet do t\u00eb duhej t\u00eb ishin opsioni i fundit, n\u00ebse jo fare opsion\u201d, ka shkruar Haxhiu.<\/p>\n","protected":false},"excerpt":{"rendered":"<p>Ushtruesja e detyr\u00ebs s\u00eb Presidentes, Albulena Haxhiu, ka reaguar n\u00eb rrjetet sociale lidhur me situat\u00ebn&#8230;<\/p>\n","protected":false},"author":2,"featured_media":174,"comment_status":"closed","ping_status":"open","sticky":false,"template":"","format":"standard","meta":{"footnotes":""},"categories":[1],"tags":[],"class_list":["post-171","post","type-post","status-publish","format-standard","has-post-thumbnail","hentry","category-rajoni"],"_links":{"self":[{"href":"http:\/\/macedoniapress.com\/index.php?rest_route=\/wp\/v2\/posts\/171","targetHints":{"allow":["GET"]}}],"collection":[{"href":"http:\/\/macedoniapress.com\/index.php?rest_route=\/wp\/v2\/posts"}],"about":[{"href":"http:\/\/macedoniapress.com\/index.php?rest_route=\/wp\/v2\/types\/post"}],"author":[{"embeddable":true,"href":"http:\/\/macedoniapress.com\/index.php?rest_route=\/wp\/v2\/users\/2"}],"replies":[{"embeddable":true,"href":"http:\/\/macedoniapress.com\/index.php?rest_route=%2Fwp%2Fv2%2Fcomments&post=171"}],"version-history":[{"count":1,"href":"http:\/\/macedoniapress.com\/index.php?rest_route=\/wp\/v2\/posts\/171\/revisions"}],"predecessor-version":[{"id":172,"href":"http:\/\/macedoniapress.com\/index.php?rest_route=\/wp\/v2\/posts\/171\/revisions\/172"}],"wp:featuredmedia":[{"embeddable":true,"href":"http:\/\/macedoniapress.com\/index.php?rest_route=\/wp\/v2\/media\/174"}],"wp:attachment":[{"href":"http:\/\/macedoniapress.com\/index.php?rest_route=%2Fwp%2Fv2%2Fmedia&parent=171"}],"wp:term":[{"taxonomy":"category","embeddable":true,"href":"http:\/\/macedoniapress.com\/index.php?rest_route=%2Fwp%2Fv2%2Fcategories&post=171"},{"taxonomy":"post_tag","embeddable":true,"href":"http:\/\/macedoniapress.com\/index.php?rest_route=%2Fwp%2Fv2%2Ftags&post=171"}],"curies":[{"name":"wp","href":"https:\/\/api.w.org\/{rel}","templated":true}]}}