{"id":167,"date":"2026-08-16T07:57:12","date_gmt":"2026-08-16T07:57:12","guid":{"rendered":"https:\/\/macedoniapress.com\/?p=167"},"modified":"2026-08-16T07:57:12","modified_gmt":"2026-08-16T07:57:12","slug":"nga-20-deri-ne-30-vjec-mes-tyre-4-vajza-zbulohen-identitetet-e-6-te-lenduarve-nga-zjarri-ne-hotelin-ne-vlore-dy-me-djegie-te-renda","status":"publish","type":"post","link":"http:\/\/macedoniapress.com\/?p=167","title":{"rendered":"Nga 20 deri n\u00eb 30 vje\u00e7, mes tyre 4 vajza\/ Zbulohen identitetet e 6 t\u00eb l\u00ebnduarve nga zjarri n\u00eb hotelin n\u00eb Vlor\u00eb, dy me djegie t\u00eb r\u00ebnda"},"content":{"rendered":"<p>Zbulohen identitetet e gjasht\u00eb personave q\u00eb mbet\u00ebn t\u00eb l\u00ebnduar nga zjarri i fuqish\u00ebm q\u00eb p\u00ebrfshiu n\u00eb or\u00ebt e para t\u00eb m\u00ebngjesit hotelin \u201cBrooklyn\u201d n\u00eb Lungomare t\u00eb Vlor\u00ebs.<br \/>\nT\u00eb l\u00ebnduarit jan\u00eb kryesisht t\u00eb rinj, mes moshave 20 dhe 30 vje\u00e7. Sipas t\u00eb dh\u00ebnave, b\u00ebhet fjal\u00eb p\u00ebr:<br \/>\nNdorina Rexhepi 25 vjec<br \/>\nArlinda Rexhepi 27 vjec<br \/>\nErza Grainca 21 vjec<br \/>\nAldo Kasimi 30 vjec<br \/>\nAna Dyrmishi 25 vjec<br \/>\nLuan Saliu, 21 vje\u00e7<br \/>\nZjarri ra rreth or\u00ebs 04:05 n\u00eb ambientet e brendshme t\u00eb hotelit, n\u00eb lagjen \u201c10 Korriku\u201d. Flak\u00ebt dyshohet se nis\u00ebn n\u00eb ambientet e restorantit dhe u p\u00ebrhap\u00ebn n\u00eb godin\u00eb, duke detyruar pushuesit t\u00eb k\u00ebrkonin rrug\u00ebdalje nga hoteli.<br \/>\nDisa prej tyre, n\u00eb p\u00ebrpjekje p\u00ebr t\u2019u shp\u00ebtuar flak\u00ebve, u detyruan t\u00eb hidheshin nga ballkonet, duke p\u00ebsuar fraktura dhe d\u00ebmtime t\u00eb tjera trupore.<br \/>\nSipas Policis\u00eb, pes\u00eb nga t\u00eb l\u00ebnduarit jan\u00eb transportuar p\u00ebr mjekim t\u00eb specializuar n\u00eb Spitalin e Djegieve n\u00eb Tiran\u00eb, nd\u00ebrsa nj\u00eb tjet\u00ebr po merr ndihm\u00eb mjek\u00ebsore n\u00eb Spitalin Rajonal t\u00eb Vlor\u00ebs. Dy prej t\u00eb l\u00ebnduarve kan\u00eb p\u00ebsuar djegie t\u00eb konsiderueshme n\u00eb trup.<br \/>\nNga hetimet paraprake, p\u00ebrfshir\u00eb k\u00ebqyrjen e pamjeve t\u00eb kamerave t\u00eb siguris\u00eb, rezulton se zjarri ka qen\u00eb aksidental. Dyshohet se flak\u00ebt jan\u00eb shkaktuar nga djegia e priz\u00ebs elektrike t\u00eb nj\u00eb frigoriferi, i cili ndodhej n\u00eb ambientet e restorantit.<br \/>\nGrupi hetimor, n\u00ebn drejtimin e Prokuroris\u00eb, vijon veprimet p\u00ebr dokumentimin e plot\u00eb t\u00eb ngjarjes dhe p\u00ebrcaktimin e rrethanave t\u00eb saj.<\/p>\n","protected":false},"excerpt":{"rendered":"<p>Zbulohen identitetet e gjasht\u00eb personave q\u00eb mbet\u00ebn t\u00eb l\u00ebnduar nga zjarri i fuqish\u00ebm q\u00eb p\u00ebrfshiu&#8230;<\/p>\n","protected":false},"author":2,"featured_media":168,"comment_status":"closed","ping_status":"open","sticky":false,"template":"","format":"standard","meta":{"footnotes":""},"categories":[1],"tags":[],"class_list":["post-167","post","type-post","status-publish","format-standard","has-post-thumbnail","hentry","category-rajoni"],"_links":{"self":[{"href":"http:\/\/macedoniapress.com\/index.php?rest_route=\/wp\/v2\/posts\/167","targetHints":{"allow":["GET"]}}],"collection":[{"href":"http:\/\/macedoniapress.com\/index.php?rest_route=\/wp\/v2\/posts"}],"about":[{"href":"http:\/\/macedoniapress.com\/index.php?rest_route=\/wp\/v2\/types\/post"}],"author":[{"embeddable":true,"href":"http:\/\/macedoniapress.com\/index.php?rest_route=\/wp\/v2\/users\/2"}],"replies":[{"embeddable":true,"href":"http:\/\/macedoniapress.com\/index.php?rest_route=%2Fwp%2Fv2%2Fcomments&post=167"}],"version-history":[{"count":1,"href":"http:\/\/macedoniapress.com\/index.php?rest_route=\/wp\/v2\/posts\/167\/revisions"}],"predecessor-version":[{"id":169,"href":"http:\/\/macedoniapress.com\/index.php?rest_route=\/wp\/v2\/posts\/167\/revisions\/169"}],"wp:featuredmedia":[{"embeddable":true,"href":"http:\/\/macedoniapress.com\/index.php?rest_route=\/wp\/v2\/media\/168"}],"wp:attachment":[{"href":"http:\/\/macedoniapress.com\/index.php?rest_route=%2Fwp%2Fv2%2Fmedia&parent=167"}],"wp:term":[{"taxonomy":"category","embeddable":true,"href":"http:\/\/macedoniapress.com\/index.php?rest_route=%2Fwp%2Fv2%2Fcategories&post=167"},{"taxonomy":"post_tag","embeddable":true,"href":"http:\/\/macedoniapress.com\/index.php?rest_route=%2Fwp%2Fv2%2Ftags&post=167"}],"curies":[{"name":"wp","href":"https:\/\/api.w.org\/{rel}","templated":true}]}}