{"id":164,"date":"2026-08-15T07:00:40","date_gmt":"2026-08-15T07:00:40","guid":{"rendered":"https:\/\/macedoniapress.com\/?p=164"},"modified":"2026-08-15T07:00:40","modified_gmt":"2026-08-15T07:00:40","slug":"osmani-per-oferten-e-kurtit-qellimi-i-tij-ishte-ta-nenshtroje-dhe-poshteroje-ldk-ne","status":"publish","type":"post","link":"http:\/\/macedoniapress.com\/?p=164","title":{"rendered":"Osmani p\u00ebr ofert\u00ebn e Kurtit: Q\u00ebllimi i tij ishte ta n\u00ebnshtroj\u00eb dhe posht\u00ebroj\u00eb LDK-n\u00eb"},"content":{"rendered":"<p>Ish-presidentja e Kosov\u00ebs, Vjosa Osmani, ka folur p\u00ebr takimet q\u00eb ajo dhe kryetari i LDK\u2019s\u00eb, Lumir Abdixhiku, kan\u00eb pasur me liderin e VV\u2019s\u00eb, Albin Kurtin.<br \/>\nOsmani, ka th\u00ebn\u00eb se Kurti s\u2019ka pasur p\u00ebr q\u00ebllim q\u00eb ta shoh si \u2018\u2019partnere\u2019\u2019 LDK\u2019n\u00eb, por q\u00eb ta \u2018\u2019n\u00ebnshtroj\u00eb\u2019\u2019 dhe ta \u2018\u2019poshtroj\u00eb\u2019\u2019 k\u00ebt\u00eb t\u00eb fundit.<\/p>\n<p>\u201cOferta jo vet\u00ebm q\u00eb nuk \u00ebsht\u00eb serioze, nuk \u00ebsht\u00eb parimore as e drejt\u00eb, e vler\u00ebson LDK-n\u00eb edhe m\u00eb pak, qoft\u00eb n\u00eb terma matematikor\u00eb apo politik\u00eb, e vler\u00ebson m\u00eb pak se sa partit\u00eb minoritare, partit\u00eb e komuniteteve joshumic\u00eb, e vler\u00ebson m\u00eb pak se sa \u00e7do parti tjet\u00ebr, \u00ebsht\u00eb d\u00ebshmuar se nuk duan partneritet t\u00eb sinqeritet, nuk dojn\u00eb n\u00eb mir\u00ebbesim.  Jan\u00eb ofruar 3 ministri, nuk \u00ebsht\u00eb e v\u00ebrtet\u00eb, kryeparlamentari do t\u00eb ofrohej vet\u00ebm n\u00ebse nuk do t\u00eb ishim n\u00eb qeverisje. N\u00eb nj\u00eb situat\u00eb t\u00eb till\u00eb ku LDK nuk do t\u00eb udh\u00ebheqte asnj\u00ebr\u00ebn nga tri institucionet, dhe do t\u00eb kishte vet\u00ebm tri ministri, tregon se VV nuk ka dashur t\u00eb qeveris\u00eb me LDK-n\u00eb. Ka pasur p\u00ebr q\u00ebllim vet\u00ebm t\u00eb n\u00ebnshtroj\u00eb, posht\u00ebroj\u00eb LDK-n\u00eb dhe jo ta shoh\u00eb si partnere\u201d, ka th\u00ebn\u00eb ajo n\u00eb Kanal10.<\/p>\n","protected":false},"excerpt":{"rendered":"<p>Ish-presidentja e Kosov\u00ebs, Vjosa Osmani, ka folur p\u00ebr takimet q\u00eb ajo dhe kryetari i LDK\u2019s\u00eb,&#8230;<\/p>\n","protected":false},"author":2,"featured_media":165,"comment_status":"closed","ping_status":"open","sticky":false,"template":"","format":"standard","meta":{"footnotes":""},"categories":[1],"tags":[],"class_list":["post-164","post","type-post","status-publish","format-standard","has-post-thumbnail","hentry","category-rajoni"],"_links":{"self":[{"href":"http:\/\/macedoniapress.com\/index.php?rest_route=\/wp\/v2\/posts\/164","targetHints":{"allow":["GET"]}}],"collection":[{"href":"http:\/\/macedoniapress.com\/index.php?rest_route=\/wp\/v2\/posts"}],"about":[{"href":"http:\/\/macedoniapress.com\/index.php?rest_route=\/wp\/v2\/types\/post"}],"author":[{"embeddable":true,"href":"http:\/\/macedoniapress.com\/index.php?rest_route=\/wp\/v2\/users\/2"}],"replies":[{"embeddable":true,"href":"http:\/\/macedoniapress.com\/index.php?rest_route=%2Fwp%2Fv2%2Fcomments&post=164"}],"version-history":[{"count":1,"href":"http:\/\/macedoniapress.com\/index.php?rest_route=\/wp\/v2\/posts\/164\/revisions"}],"predecessor-version":[{"id":166,"href":"http:\/\/macedoniapress.com\/index.php?rest_route=\/wp\/v2\/posts\/164\/revisions\/166"}],"wp:featuredmedia":[{"embeddable":true,"href":"http:\/\/macedoniapress.com\/index.php?rest_route=\/wp\/v2\/media\/165"}],"wp:attachment":[{"href":"http:\/\/macedoniapress.com\/index.php?rest_route=%2Fwp%2Fv2%2Fmedia&parent=164"}],"wp:term":[{"taxonomy":"category","embeddable":true,"href":"http:\/\/macedoniapress.com\/index.php?rest_route=%2Fwp%2Fv2%2Fcategories&post=164"},{"taxonomy":"post_tag","embeddable":true,"href":"http:\/\/macedoniapress.com\/index.php?rest_route=%2Fwp%2Fv2%2Ftags&post=164"}],"curies":[{"name":"wp","href":"https:\/\/api.w.org\/{rel}","templated":true}]}}