{"id":121,"date":"2026-08-10T16:22:24","date_gmt":"2026-08-10T16:22:24","guid":{"rendered":"http:\/\/macedoniapress.com\/?p=121"},"modified":"2026-08-10T16:22:24","modified_gmt":"2026-08-10T16:22:24","slug":"termeti-i-fuqishem-ne-kolumbi-shkon-ne-26-numri-i-viktimave-shkaterrohen-katedrale-dhe-ndertesa-raportohet-per-persona-nen-rrenoja","status":"publish","type":"post","link":"http:\/\/macedoniapress.com\/?p=121","title":{"rendered":"T\u00ebrmeti i fuqish\u00ebm n\u00eb Kolumbi, shkon n\u00eb 26 numri i viktimave. Shkat\u00ebrrohen katedrale dhe nd\u00ebrtesa, raportohet p\u00ebr persona n\u00ebn rr\u00ebnoja"},"content":{"rendered":"<p>T\u00eb pakt\u00ebn 18 persona kan\u00eb humbur jet\u00ebn pasi nj\u00eb t\u00ebrmet i fuqish\u00ebm goditi Kolumbin\u00eb per\u00ebndimore, nd\u00ebrsa persona t\u00eb tjer\u00eb raportohet se kan\u00eb mbetur t\u00eb bllokuar n\u00eb nd\u00ebrtesat e shembura.<br \/>\nNj\u00eb t\u00ebrmet i fuqish\u00ebm me magnitud\u00eb 7.4 ball\u00eb ka tronditur Kolumbin\u00eb, duke shkaktuar d\u00ebme t\u00eb m\u00ebdha n\u00eb nd\u00ebrtesa dhe duke l\u00ebn\u00eb njer\u00ebz t\u00eb bllokuar n\u00ebn rr\u00ebnoja.<br \/>\nT\u00eb pakt\u00ebn 20 nd\u00ebrtesa jan\u00eb shembur n\u00eb qytetin e Calit, nd\u00ebrsa raportohet se persona ndodhen ende t\u00eb bllokuar brenda tyre. Lajmi \u00ebsht\u00eb b\u00ebr\u00eb i ditur nga kryebashkiaku i Calit, Alejandro Eder, sipas agjencis\u00eb s\u00eb lajmeve Reuters.<br \/>\nSipas Sh\u00ebrbimit Gjeologjik t\u00eb SHBA-s\u00eb (USGS), epiqendra e t\u00ebrmetit ndodhej pran\u00eb San Jos\u00e9 del Palmar, n\u00eb rajonin Choc\u00f3. L\u00ebkundjet u ndjen\u00eb n\u00eb nj\u00eb zon\u00eb t\u00eb gjer\u00eb t\u00eb vendit, p\u00ebrfshir\u00eb qytetet Cali dhe Medell\u00edn.<br \/>\nAutoritetet kan\u00eb raportuar gjithashtu persona t\u00eb l\u00ebnduar dhe d\u00ebme t\u00eb r\u00ebnda n\u00eb nd\u00ebrtesa n\u00eb qytetet Quibd\u00f3 dhe Pereira.<br \/>\nEkipet e emergjenc\u00ebs kan\u00eb nisur operacionet p\u00ebr k\u00ebrkimin dhe shp\u00ebtimin e personave q\u00eb mund t\u00eb ken\u00eb mbetur t\u00eb bllokuar.<br \/>\nKatedralja e Manizales \u00ebsht\u00eb midis nd\u00ebrtesave t\u00eb d\u00ebmtuara nga t\u00ebrmeti i fuqish\u00ebm.<\/p>\n","protected":false},"excerpt":{"rendered":"<p>T\u00eb pakt\u00ebn 18 persona kan\u00eb humbur jet\u00ebn pasi nj\u00eb t\u00ebrmet i fuqish\u00ebm goditi Kolumbin\u00eb per\u00ebndimore,&#8230;<\/p>\n","protected":false},"author":2,"featured_media":122,"comment_status":"closed","ping_status":"open","sticky":false,"template":"","format":"standard","meta":{"footnotes":""},"categories":[9],"tags":[],"class_list":["post-121","post","type-post","status-publish","format-standard","has-post-thumbnail","hentry","category-bota"],"_links":{"self":[{"href":"http:\/\/macedoniapress.com\/index.php?rest_route=\/wp\/v2\/posts\/121","targetHints":{"allow":["GET"]}}],"collection":[{"href":"http:\/\/macedoniapress.com\/index.php?rest_route=\/wp\/v2\/posts"}],"about":[{"href":"http:\/\/macedoniapress.com\/index.php?rest_route=\/wp\/v2\/types\/post"}],"author":[{"embeddable":true,"href":"http:\/\/macedoniapress.com\/index.php?rest_route=\/wp\/v2\/users\/2"}],"replies":[{"embeddable":true,"href":"http:\/\/macedoniapress.com\/index.php?rest_route=%2Fwp%2Fv2%2Fcomments&post=121"}],"version-history":[{"count":1,"href":"http:\/\/macedoniapress.com\/index.php?rest_route=\/wp\/v2\/posts\/121\/revisions"}],"predecessor-version":[{"id":123,"href":"http:\/\/macedoniapress.com\/index.php?rest_route=\/wp\/v2\/posts\/121\/revisions\/123"}],"wp:featuredmedia":[{"embeddable":true,"href":"http:\/\/macedoniapress.com\/index.php?rest_route=\/wp\/v2\/media\/122"}],"wp:attachment":[{"href":"http:\/\/macedoniapress.com\/index.php?rest_route=%2Fwp%2Fv2%2Fmedia&parent=121"}],"wp:term":[{"taxonomy":"category","embeddable":true,"href":"http:\/\/macedoniapress.com\/index.php?rest_route=%2Fwp%2Fv2%2Fcategories&post=121"},{"taxonomy":"post_tag","embeddable":true,"href":"http:\/\/macedoniapress.com\/index.php?rest_route=%2Fwp%2Fv2%2Ftags&post=121"}],"curies":[{"name":"wp","href":"https:\/\/api.w.org\/{rel}","templated":true}]}}